{"id":8367,"date":"2025-09-19T16:47:20","date_gmt":"2025-09-19T19:47:20","guid":{"rendered":"https:\/\/emisoracolon.com.ar\/?p=8367"},"modified":"2025-09-19T16:47:20","modified_gmt":"2025-09-19T19:47:20","slug":"la-cooperativa-electrica-de-colon-celebro-68-anos-y-logro-refinanciar-su-deuda-con-cammesa","status":"publish","type":"post","link":"https:\/\/emisoracolon.com.ar\/index.php\/2025\/09\/19\/la-cooperativa-electrica-de-colon-celebro-68-anos-y-logro-refinanciar-su-deuda-con-cammesa\/","title":{"rendered":"La Cooperativa El\u00e9ctrica de Col\u00f3n celebr\u00f3 68 a\u00f1os y logr\u00f3 refinanciar su deuda con CAMMESA"},"content":{"rendered":"\n<p>La entidad transita un presente de crecimiento, con cuentas ajustadas, obras de pavimento en marcha y el desaf\u00edo de sostener el servicio en medio de las dificultades econ\u00f3micas del pa\u00eds.<\/p>\n\n\n\n<p>La Cooperativa El\u00e9ctrica de Col\u00f3n celebr\u00f3 sus 68 a\u00f1os de vida en un presente marcado por el crecimiento y los desaf\u00edos que imponen las distintas etapas del pa\u00eds. El presidente del Consejo de Administraci\u00f3n, Mauricio Magoia, se\u00f1al\u00f3 que la entidad se encuentra \u201cmejorando\u201d, tras lograr la refinanciaci\u00f3n de la deuda con CAMMESA, que contempla 12 meses de gracia y 72 cuotas a comenzar en junio de 2026. Esa deuda se origin\u00f3 en pandemia, cuando las tarifas permanec\u00edan congeladas mientras los insumos dolarizados, comprados al paralelo por falta de acceso al oficial, se duplicaban, generando un d\u00e9ficit que ahora podr\u00e1 ser afrontado con el nuevo plan de pago. En cuanto a la situaci\u00f3n operativa, Magoia admiti\u00f3 que \u201clos n\u00fameros cierran con lo justo\u201d: de cada 100 pesos que abona un usuario, descontando impuestos, a la cooperativa le quedan 45, con los que debe afront<\/p>\n","protected":false},"excerpt":{"rendered":"<p>La entidad transita un presente de crecimiento, con cuentas ajustadas, obras de pavimento en marcha y el desaf\u00edo de sostener el servicio en medio de las dificultades econ\u00f3micas del pa\u00eds. La Cooperativa&#8230;<\/p>\n","protected":false},"author":1,"featured_media":2562,"comment_status":"open","ping_status":"open","sticky":false,"template":"","format":"standard","meta":{"footnotes":""},"categories":[3],"tags":[],"class_list":["post-8367","post","type-post","status-publish","format-standard","has-post-thumbnail","hentry","category-general"],"_links":{"self":[{"href":"https:\/\/emisoracolon.com.ar\/index.php\/wp-json\/wp\/v2\/posts\/8367","targetHints":{"allow":["GET"]}}],"collection":[{"href":"https:\/\/emisoracolon.com.ar\/index.php\/wp-json\/wp\/v2\/posts"}],"about":[{"href":"https:\/\/emisoracolon.com.ar\/index.php\/wp-json\/wp\/v2\/types\/post"}],"author":[{"embeddable":true,"href":"https:\/\/emisoracolon.com.ar\/index.php\/wp-json\/wp\/v2\/users\/1"}],"replies":[{"embeddable":true,"href":"https:\/\/emisoracolon.com.ar\/index.php\/wp-json\/wp\/v2\/comments?post=8367"}],"version-history":[{"count":1,"href":"https:\/\/emisoracolon.com.ar\/index.php\/wp-json\/wp\/v2\/posts\/8367\/revisions"}],"predecessor-version":[{"id":8368,"href":"https:\/\/emisoracolon.com.ar\/index.php\/wp-json\/wp\/v2\/posts\/8367\/revisions\/8368"}],"wp:featuredmedia":[{"embeddable":true,"href":"https:\/\/emisoracolon.com.ar\/index.php\/wp-json\/wp\/v2\/media\/2562"}],"wp:attachment":[{"href":"https:\/\/emisoracolon.com.ar\/index.php\/wp-json\/wp\/v2\/media?parent=8367"}],"wp:term":[{"taxonomy":"category","embeddable":true,"href":"https:\/\/emisoracolon.com.ar\/index.php\/wp-json\/wp\/v2\/categories?post=8367"},{"taxonomy":"post_tag","embeddable":true,"href":"https:\/\/emisoracolon.com.ar\/index.php\/wp-json\/wp\/v2\/tags?post=8367"}],"curies":[{"name":"wp","href":"https:\/\/api.w.org\/{rel}","templated":true}]}}