{"id":8362,"date":"2025-09-19T16:39:12","date_gmt":"2025-09-19T19:39:12","guid":{"rendered":"https:\/\/emisoracolon.com.ar\/?p=8362"},"modified":"2025-09-19T16:39:12","modified_gmt":"2025-09-19T19:39:12","slug":"el-senado-aprobo-la-ley-nicolas","status":"publish","type":"post","link":"https:\/\/emisoracolon.com.ar\/index.php\/2025\/09\/19\/el-senado-aprobo-la-ley-nicolas\/","title":{"rendered":"El Senado aprob\u00f3 la \u201cLey Nicol\u00e1s\u201d"},"content":{"rendered":"\n<p>El Senado de la Naci\u00f3n convirti\u00f3 en ley este jueves el proyecto denominado \u201cLey Nicol\u00e1s\u201d, orientado a mejorar la atenci\u00f3n de los pacientes, las condiciones de trabajo de los profesionales de la salud y reducir los eventos m\u00e9dicos inesperados durante la atenci\u00f3n.<\/p>\n\n\n\n<p>La iniciativa fue aprobada por 69 votos a favor y uno en contra, de la senadora del PRO Carmen \u00c1lvarez Rivero. La sanci\u00f3n lleg\u00f3 en el l\u00edmite de su vigencia, ya que estaba a punto de perder estado parlamentario.<\/p>\n\n\n\n<p>La norma lleva el nombre de Nicol\u00e1s Deanna, un joven de 24 a\u00f1os que falleci\u00f3 en Villa Gesell en 2017 a ra\u00edz de un diagn\u00f3stico y tratamiento equivocados.<\/p>\n\n\n\n<p>Entre sus objetivos se destacan la mejora de las condiciones de la pr\u00e1ctica sanitaria, la incorporaci\u00f3n de herramientas tecnol\u00f3gicas adecuadas, la reducci\u00f3n de da\u00f1os evitables y el fortalecimiento del marco laboral del equipo de salud.<\/p>\n","protected":false},"excerpt":{"rendered":"<p>El Senado de la Naci\u00f3n convirti\u00f3 en ley este jueves el proyecto denominado \u201cLey Nicol\u00e1s\u201d, orientado a mejorar la atenci\u00f3n de los pacientes, las condiciones de trabajo de los profesionales de la&#8230;<\/p>\n","protected":false},"author":1,"featured_media":8363,"comment_status":"open","ping_status":"open","sticky":false,"template":"","format":"standard","meta":{"footnotes":""},"categories":[3],"tags":[],"class_list":["post-8362","post","type-post","status-publish","format-standard","has-post-thumbnail","hentry","category-general"],"_links":{"self":[{"href":"https:\/\/emisoracolon.com.ar\/index.php\/wp-json\/wp\/v2\/posts\/8362","targetHints":{"allow":["GET"]}}],"collection":[{"href":"https:\/\/emisoracolon.com.ar\/index.php\/wp-json\/wp\/v2\/posts"}],"about":[{"href":"https:\/\/emisoracolon.com.ar\/index.php\/wp-json\/wp\/v2\/types\/post"}],"author":[{"embeddable":true,"href":"https:\/\/emisoracolon.com.ar\/index.php\/wp-json\/wp\/v2\/users\/1"}],"replies":[{"embeddable":true,"href":"https:\/\/emisoracolon.com.ar\/index.php\/wp-json\/wp\/v2\/comments?post=8362"}],"version-history":[{"count":1,"href":"https:\/\/emisoracolon.com.ar\/index.php\/wp-json\/wp\/v2\/posts\/8362\/revisions"}],"predecessor-version":[{"id":8364,"href":"https:\/\/emisoracolon.com.ar\/index.php\/wp-json\/wp\/v2\/posts\/8362\/revisions\/8364"}],"wp:featuredmedia":[{"embeddable":true,"href":"https:\/\/emisoracolon.com.ar\/index.php\/wp-json\/wp\/v2\/media\/8363"}],"wp:attachment":[{"href":"https:\/\/emisoracolon.com.ar\/index.php\/wp-json\/wp\/v2\/media?parent=8362"}],"wp:term":[{"taxonomy":"category","embeddable":true,"href":"https:\/\/emisoracolon.com.ar\/index.php\/wp-json\/wp\/v2\/categories?post=8362"},{"taxonomy":"post_tag","embeddable":true,"href":"https:\/\/emisoracolon.com.ar\/index.php\/wp-json\/wp\/v2\/tags?post=8362"}],"curies":[{"name":"wp","href":"https:\/\/api.w.org\/{rel}","templated":true}]}}