{"id":8356,"date":"2025-09-19T16:35:06","date_gmt":"2025-09-19T19:35:06","guid":{"rendered":"https:\/\/emisoracolon.com.ar\/?p=8356"},"modified":"2025-09-19T16:35:06","modified_gmt":"2025-09-19T19:35:06","slug":"convenio-para-finalizar-el-centro-de-desarrollo-infantil-en-colon","status":"publish","type":"post","link":"https:\/\/emisoracolon.com.ar\/index.php\/2025\/09\/19\/convenio-para-finalizar-el-centro-de-desarrollo-infantil-en-colon\/","title":{"rendered":"Convenio para finalizar el Centro de Desarrollo Infantil en Col\u00f3n"},"content":{"rendered":"\n<p>El Ministerio de Infraestructura y Servicios P\u00fablicos de la Provincia de Buenos Aires y la Municipalidad de Col\u00f3n firmaron un convenio para instrumentar subsidios destinados a ejecutar proyectos de infraestructura. En este caso, los recursos estar\u00e1n destinados a la terminaci\u00f3n del Centro de Desarrollo Infantil (CDI) de calle 7 y 50, obra que hab\u00eda quedado paralizada tras la decisi\u00f3n del Gobierno nacional de no continuar con la obra p\u00fablica.<\/p>\n\n\n\n<p>El acuerdo lleva la firma del ministro Gabriel Katopodis y del intendente Waldemar Giordano, y permitir\u00e1 al municipio recibir $290.780.735,98 en concepto de subsidio. La obra hoy se encuentra en pleno desarrollo.<\/p>\n\n\n\n<p>Seg\u00fan explic\u00f3 Gonzalo Villalonga, el CDI hab\u00eda llegado a trav\u00e9s del Ministerio de Obras P\u00fablicas de la Naci\u00f3n, pero a partir del segundo semestre de 2023 la obra se detuvo por la crisis econ\u00f3mica y finalmente qued\u00f3 paralizada con la asunci\u00f3n presidencial de Javier Milei. Ante esa situaci\u00f3n, el municipio gestion\u00f3 junto a la provincia la transferencia del proyecto y el financiamiento necesario para concluirlo.<\/p>\n\n\n\n<p>El convenio establece que:<\/p>\n\n\n\n<p>El municipio ser\u00e1 el responsable de la contrataci\u00f3n, ejecuci\u00f3n, inspecci\u00f3n y certificaci\u00f3n de la obra, adem\u00e1s de su posterior conservaci\u00f3n<\/p>\n\n\n\n<p>Si se modificara el proyecto, se deber\u00e1 solicitar autorizaci\u00f3n al Ministerio provincial<\/p>\n\n\n\n<p>Los desembolsos se realizar\u00e1n en etapas, de acuerdo al avance de obra.<\/p>\n\n\n\n<p>El municipio deber\u00e1 rendir cuentas ante el Honorable Tribunal de Cuentas.<\/p>\n\n\n\n<p>En ning\u00fan caso los fondos podr\u00e1n destinarse a gastos corrientes.<\/p>\n\n\n\n<p>El CDI tendr\u00e1 220 metros cuadrados cubiertos y contar\u00e1 con administraci\u00f3n, cocina, ba\u00f1os adaptados, un sector para ni\u00f1os de 2 a 4 a\u00f1os, un lactario, un deambulatorio y tres patios con pisos de caucho como extensi\u00f3n de las salas.<\/p>\n\n\n\n<p>Finalmente, se destac\u00f3 la decisi\u00f3n pol\u00edtica de la Provincia de Buenos Aires de continuar invirtiendo en infraestructura, incluso en obras abandonadas por la Naci\u00f3n, y el compromiso del municipio de Col\u00f3n para concretar este espacio destinado a la atenci\u00f3n integral de ni\u00f1os y ni\u00f1as de 45 d\u00edas a 4 a\u00f1os.<\/p>\n","protected":false},"excerpt":{"rendered":"<p>El Ministerio de Infraestructura y Servicios P\u00fablicos de la Provincia de Buenos Aires y la Municipalidad de Col\u00f3n firmaron un convenio para instrumentar subsidios destinados a ejecutar proyectos de infraestructura. En este&#8230;<\/p>\n","protected":false},"author":1,"featured_media":8357,"comment_status":"open","ping_status":"open","sticky":false,"template":"","format":"standard","meta":{"footnotes":""},"categories":[3],"tags":[],"class_list":["post-8356","post","type-post","status-publish","format-standard","has-post-thumbnail","hentry","category-general"],"_links":{"self":[{"href":"https:\/\/emisoracolon.com.ar\/index.php\/wp-json\/wp\/v2\/posts\/8356","targetHints":{"allow":["GET"]}}],"collection":[{"href":"https:\/\/emisoracolon.com.ar\/index.php\/wp-json\/wp\/v2\/posts"}],"about":[{"href":"https:\/\/emisoracolon.com.ar\/index.php\/wp-json\/wp\/v2\/types\/post"}],"author":[{"embeddable":true,"href":"https:\/\/emisoracolon.com.ar\/index.php\/wp-json\/wp\/v2\/users\/1"}],"replies":[{"embeddable":true,"href":"https:\/\/emisoracolon.com.ar\/index.php\/wp-json\/wp\/v2\/comments?post=8356"}],"version-history":[{"count":1,"href":"https:\/\/emisoracolon.com.ar\/index.php\/wp-json\/wp\/v2\/posts\/8356\/revisions"}],"predecessor-version":[{"id":8358,"href":"https:\/\/emisoracolon.com.ar\/index.php\/wp-json\/wp\/v2\/posts\/8356\/revisions\/8358"}],"wp:featuredmedia":[{"embeddable":true,"href":"https:\/\/emisoracolon.com.ar\/index.php\/wp-json\/wp\/v2\/media\/8357"}],"wp:attachment":[{"href":"https:\/\/emisoracolon.com.ar\/index.php\/wp-json\/wp\/v2\/media?parent=8356"}],"wp:term":[{"taxonomy":"category","embeddable":true,"href":"https:\/\/emisoracolon.com.ar\/index.php\/wp-json\/wp\/v2\/categories?post=8356"},{"taxonomy":"post_tag","embeddable":true,"href":"https:\/\/emisoracolon.com.ar\/index.php\/wp-json\/wp\/v2\/tags?post=8356"}],"curies":[{"name":"wp","href":"https:\/\/api.w.org\/{rel}","templated":true}]}}