{"id":8353,"date":"2025-09-18T16:53:08","date_gmt":"2025-09-18T19:53:08","guid":{"rendered":"https:\/\/emisoracolon.com.ar\/?p=8353"},"modified":"2025-09-18T16:53:08","modified_gmt":"2025-09-18T19:53:08","slug":"servicio-gratuito-de-tv-digital","status":"publish","type":"post","link":"https:\/\/emisoracolon.com.ar\/index.php\/2025\/09\/18\/servicio-gratuito-de-tv-digital\/","title":{"rendered":"Servicio gratuito de TV digital"},"content":{"rendered":"\n<p>La Cooperativa El\u00e9ctrica anunci\u00f3 que ofrecer\u00e1 a sus abonados un nuevo servicio gratuito de televisi\u00f3n digital, incluido dentro de los planes de Internet de Coopenet.<\/p>\n\n\n\n<p>Seg\u00fan explic\u00f3 Mariano Reverberi, responsable del \u00e1rea, la propuesta consiste en una aplicaci\u00f3n que podr\u00e1 descargarse en smart TV, celulares u otros dispositivos (con la posibilidad de adaptar televisores comunes con un equipo adicional).<\/p>\n\n\n\n<p>Caracter\u00edsticas del servicio<\/p>\n\n\n\n<p>M\u00e1s de 150 canales en alta definici\u00f3n.<\/p>\n\n\n\n<p>Inclusi\u00f3n de se\u00f1ales deportivas, pel\u00edculas y canales premium como HBO y Universal.<\/p>\n\n\n\n<p>Diferentes prestaciones seg\u00fan el tipo de abono de Internet.<\/p>\n\n\n\n<p>Sin costo adicional para los asociados: solo es necesario estar suscripto a Coopenet.<\/p>\n\n\n\n<p>Antecedente<\/p>\n\n\n\n<p>Hace m\u00e1s de siete a\u00f1os la cooperativa hab\u00eda lanzado TV Digital Sec, un servicio de streaming con unas 20 se\u00f1ales gratuitas, que tuvo baja aceptaci\u00f3n por la escasa difusi\u00f3n que entonces ten\u00edan las plataformas digitales.<\/p>\n\n\n\n<p>Objetivo<\/p>\n\n\n\n<p>Legalizar el acceso de quienes hoy consumen plataformas piratas con mala calidad.<\/p>\n\n\n\n<p>Mejorar los servicios disponibles para todos los abonados.<\/p>\n\n\n\n<p>Actualmente, la cooperativa se encuentra en fase de prueba, trabajando en la adecuaci\u00f3n de la red y el equipamiento. Se espera que el servicio est\u00e9 disponible en los pr\u00f3ximos meses.<\/p>\n","protected":false},"excerpt":{"rendered":"<p>La Cooperativa El\u00e9ctrica anunci\u00f3 que ofrecer\u00e1 a sus abonados un nuevo servicio gratuito de televisi\u00f3n digital, incluido dentro de los planes de Internet de Coopenet. Seg\u00fan explic\u00f3 Mariano Reverberi, responsable del \u00e1rea,&#8230;<\/p>\n","protected":false},"author":1,"featured_media":2562,"comment_status":"open","ping_status":"open","sticky":false,"template":"","format":"standard","meta":{"footnotes":""},"categories":[3],"tags":[],"class_list":["post-8353","post","type-post","status-publish","format-standard","has-post-thumbnail","hentry","category-general"],"_links":{"self":[{"href":"https:\/\/emisoracolon.com.ar\/index.php\/wp-json\/wp\/v2\/posts\/8353","targetHints":{"allow":["GET"]}}],"collection":[{"href":"https:\/\/emisoracolon.com.ar\/index.php\/wp-json\/wp\/v2\/posts"}],"about":[{"href":"https:\/\/emisoracolon.com.ar\/index.php\/wp-json\/wp\/v2\/types\/post"}],"author":[{"embeddable":true,"href":"https:\/\/emisoracolon.com.ar\/index.php\/wp-json\/wp\/v2\/users\/1"}],"replies":[{"embeddable":true,"href":"https:\/\/emisoracolon.com.ar\/index.php\/wp-json\/wp\/v2\/comments?post=8353"}],"version-history":[{"count":1,"href":"https:\/\/emisoracolon.com.ar\/index.php\/wp-json\/wp\/v2\/posts\/8353\/revisions"}],"predecessor-version":[{"id":8354,"href":"https:\/\/emisoracolon.com.ar\/index.php\/wp-json\/wp\/v2\/posts\/8353\/revisions\/8354"}],"wp:featuredmedia":[{"embeddable":true,"href":"https:\/\/emisoracolon.com.ar\/index.php\/wp-json\/wp\/v2\/media\/2562"}],"wp:attachment":[{"href":"https:\/\/emisoracolon.com.ar\/index.php\/wp-json\/wp\/v2\/media?parent=8353"}],"wp:term":[{"taxonomy":"category","embeddable":true,"href":"https:\/\/emisoracolon.com.ar\/index.php\/wp-json\/wp\/v2\/categories?post=8353"},{"taxonomy":"post_tag","embeddable":true,"href":"https:\/\/emisoracolon.com.ar\/index.php\/wp-json\/wp\/v2\/tags?post=8353"}],"curies":[{"name":"wp","href":"https:\/\/api.w.org\/{rel}","templated":true}]}}