{"id":8351,"date":"2025-09-18T16:51:59","date_gmt":"2025-09-18T19:51:59","guid":{"rendered":"https:\/\/emisoracolon.com.ar\/?p=8351"},"modified":"2025-09-18T16:51:59","modified_gmt":"2025-09-18T19:51:59","slug":"festejos-por-el-dia-del-estudiante-y-la-primavera","status":"publish","type":"post","link":"https:\/\/emisoracolon.com.ar\/index.php\/2025\/09\/18\/festejos-por-el-dia-del-estudiante-y-la-primavera\/","title":{"rendered":"Festejos por el d\u00eda del Estudiante y la Primavera"},"content":{"rendered":"\n<p>El pr\u00f3ximo s\u00e1bado 20 de septiembre recibir\u00e1n la primavera y a festejar el D\u00eda del Estudiante con una gran fiesta en Bv 17 de 47 a 49.<\/p>\n\n\n\n<p>habr\u00e1 m\u00fasica en vivo, artes pl\u00e1sticas y puestos con emprendedores. Comienza a las 18 horas.<\/p>\n\n\n\n<p>Si sos un o una joven emprendedor\/ra y quer\u00e9s participar de la fiesta, ten\u00e9s que concurrir a la Direcci\u00f3n de Producci\u00f3n y Empleo (49 y 16) de 8 a 13 hasta el 18\/9. Te dejamos el tel\u00e9fono para cualquier consulta: 423337.<\/p>\n","protected":false},"excerpt":{"rendered":"<p>El pr\u00f3ximo s\u00e1bado 20 de septiembre recibir\u00e1n la primavera y a festejar el D\u00eda del Estudiante con una gran fiesta en Bv 17 de 47 a 49. habr\u00e1 m\u00fasica en vivo, artes&#8230;<\/p>\n","protected":false},"author":1,"featured_media":8293,"comment_status":"open","ping_status":"open","sticky":false,"template":"","format":"standard","meta":{"footnotes":""},"categories":[7,3],"tags":[],"class_list":["post-8351","post","type-post","status-publish","format-standard","has-post-thumbnail","hentry","category-cultura","category-general"],"_links":{"self":[{"href":"https:\/\/emisoracolon.com.ar\/index.php\/wp-json\/wp\/v2\/posts\/8351","targetHints":{"allow":["GET"]}}],"collection":[{"href":"https:\/\/emisoracolon.com.ar\/index.php\/wp-json\/wp\/v2\/posts"}],"about":[{"href":"https:\/\/emisoracolon.com.ar\/index.php\/wp-json\/wp\/v2\/types\/post"}],"author":[{"embeddable":true,"href":"https:\/\/emisoracolon.com.ar\/index.php\/wp-json\/wp\/v2\/users\/1"}],"replies":[{"embeddable":true,"href":"https:\/\/emisoracolon.com.ar\/index.php\/wp-json\/wp\/v2\/comments?post=8351"}],"version-history":[{"count":1,"href":"https:\/\/emisoracolon.com.ar\/index.php\/wp-json\/wp\/v2\/posts\/8351\/revisions"}],"predecessor-version":[{"id":8352,"href":"https:\/\/emisoracolon.com.ar\/index.php\/wp-json\/wp\/v2\/posts\/8351\/revisions\/8352"}],"wp:featuredmedia":[{"embeddable":true,"href":"https:\/\/emisoracolon.com.ar\/index.php\/wp-json\/wp\/v2\/media\/8293"}],"wp:attachment":[{"href":"https:\/\/emisoracolon.com.ar\/index.php\/wp-json\/wp\/v2\/media?parent=8351"}],"wp:term":[{"taxonomy":"category","embeddable":true,"href":"https:\/\/emisoracolon.com.ar\/index.php\/wp-json\/wp\/v2\/categories?post=8351"},{"taxonomy":"post_tag","embeddable":true,"href":"https:\/\/emisoracolon.com.ar\/index.php\/wp-json\/wp\/v2\/tags?post=8351"}],"curies":[{"name":"wp","href":"https:\/\/api.w.org\/{rel}","templated":true}]}}