{"id":8348,"date":"2025-09-18T16:51:27","date_gmt":"2025-09-18T19:51:27","guid":{"rendered":"https:\/\/emisoracolon.com.ar\/?p=8348"},"modified":"2025-09-18T16:51:27","modified_gmt":"2025-09-18T19:51:27","slug":"policia-bonaerense","status":"publish","type":"post","link":"https:\/\/emisoracolon.com.ar\/index.php\/2025\/09\/18\/policia-bonaerense\/","title":{"rendered":"Polic\u00eda Bonaerense"},"content":{"rendered":"\n<p>La Polic\u00eda Bonaerense record\u00f3 que sigue abierta la inscripci\u00f3n al ciclo lectivo 2025 del Programa de Reclutamiento e Ingreso Policial, que ofrece una beca a quienes sean aceptados en la formaci\u00f3n.<\/p>\n\n\n\n<p>Requisitos formales para la inscripci\u00f3n:<\/p>\n\n\n\n<p>Ser Argentino\/a nativo\/a, naturalizado\/a o por opci\u00f3n.<\/p>\n\n\n\n<p>Tener entre 17 y 29 a\u00f1os de edad.<\/p>\n\n\n\n<p>Poseer domicilio real en la Provincia de Buenos Aires.<\/p>\n\n\n\n<p>Haber finalizado de cursar el nivel secundario, en los t\u00e9rminos de la Ley N\u00b013.688 o equivalente, conforme lo establece la reglamentaci\u00f3n.<\/p>\n\n\n\n<p>Responder a las aptitudes psicof\u00edsicas establecidas en la Ley N\u00b0 13.982 y su reglamentaci\u00f3n.<\/p>\n\n\n\n<p>No registrar Antecedentes Penales (Provincia \u2013 Naci\u00f3n).<\/p>\n","protected":false},"excerpt":{"rendered":"<p>La Polic\u00eda Bonaerense record\u00f3 que sigue abierta la inscripci\u00f3n al ciclo lectivo 2025 del Programa de Reclutamiento e Ingreso Policial, que ofrece una beca a quienes sean aceptados en la formaci\u00f3n. Requisitos&#8230;<\/p>\n","protected":false},"author":1,"featured_media":8349,"comment_status":"open","ping_status":"open","sticky":false,"template":"","format":"standard","meta":{"footnotes":""},"categories":[3],"tags":[],"class_list":["post-8348","post","type-post","status-publish","format-standard","has-post-thumbnail","hentry","category-general"],"_links":{"self":[{"href":"https:\/\/emisoracolon.com.ar\/index.php\/wp-json\/wp\/v2\/posts\/8348","targetHints":{"allow":["GET"]}}],"collection":[{"href":"https:\/\/emisoracolon.com.ar\/index.php\/wp-json\/wp\/v2\/posts"}],"about":[{"href":"https:\/\/emisoracolon.com.ar\/index.php\/wp-json\/wp\/v2\/types\/post"}],"author":[{"embeddable":true,"href":"https:\/\/emisoracolon.com.ar\/index.php\/wp-json\/wp\/v2\/users\/1"}],"replies":[{"embeddable":true,"href":"https:\/\/emisoracolon.com.ar\/index.php\/wp-json\/wp\/v2\/comments?post=8348"}],"version-history":[{"count":1,"href":"https:\/\/emisoracolon.com.ar\/index.php\/wp-json\/wp\/v2\/posts\/8348\/revisions"}],"predecessor-version":[{"id":8350,"href":"https:\/\/emisoracolon.com.ar\/index.php\/wp-json\/wp\/v2\/posts\/8348\/revisions\/8350"}],"wp:featuredmedia":[{"embeddable":true,"href":"https:\/\/emisoracolon.com.ar\/index.php\/wp-json\/wp\/v2\/media\/8349"}],"wp:attachment":[{"href":"https:\/\/emisoracolon.com.ar\/index.php\/wp-json\/wp\/v2\/media?parent=8348"}],"wp:term":[{"taxonomy":"category","embeddable":true,"href":"https:\/\/emisoracolon.com.ar\/index.php\/wp-json\/wp\/v2\/categories?post=8348"},{"taxonomy":"post_tag","embeddable":true,"href":"https:\/\/emisoracolon.com.ar\/index.php\/wp-json\/wp\/v2\/tags?post=8348"}],"curies":[{"name":"wp","href":"https:\/\/api.w.org\/{rel}","templated":true}]}}