{"id":8346,"date":"2025-09-18T16:49:33","date_gmt":"2025-09-18T19:49:33","guid":{"rendered":"https:\/\/emisoracolon.com.ar\/?p=8346"},"modified":"2025-09-18T16:49:33","modified_gmt":"2025-09-18T19:49:33","slug":"se-expreso-el-joven-colonense-agredido-a-la-salida-de-un-boliche","status":"publish","type":"post","link":"https:\/\/emisoracolon.com.ar\/index.php\/2025\/09\/18\/se-expreso-el-joven-colonense-agredido-a-la-salida-de-un-boliche\/","title":{"rendered":"Se expres\u00f3 el joven colonense agredido a la salida de un boliche"},"content":{"rendered":"\n<p>El joven de Col\u00f3n que fue golpeado a la salida de un local nocturno en calle 47 utiliz\u00f3 sus redes sociales para contar su versi\u00f3n de lo sucedido.<\/p>\n\n\n\n<p>En su publicaci\u00f3n aclar\u00f3 que nunca estuvo involucrado en conflictos previos:<\/p>\n\n\n\n<p>\u201cJam\u00e1s me met\u00ed en ning\u00fan problema ni fue mi intenci\u00f3n\u201d, escribi\u00f3.<\/p>\n\n\n\n<p>Seg\u00fan relat\u00f3, se retiraba del lugar y se dirig\u00eda a su casa \u2014a tan solo dos cuadras\u2014 cuando fue sorprendido por dos j\u00f3venes:<\/p>\n\n\n\n<p>\u201cIba tranquilo, con mi tel\u00e9fono, hasta que me emboscaron dos chicos a los que no les importa nada\u201d.<\/p>\n\n\n\n<p>El agredido expres\u00f3 su enojo y afirm\u00f3 que har\u00e1 todo lo posible para que los responsables enfrenten las consecuencias:<\/p>\n\n\n\n<p>\u201cVoy a hacer todo lo posible para que les quede la causa grabada en la cara. Yo no los quiero ver m\u00e1s en mi vida, nunca los hab\u00eda visto y sin embargo me pegaron de callado, de cobardes, en grupito. Pero est\u00e1 bien, todo vuelve\u201d.<\/p>\n\n\n\n<p>Tambi\u00e9n se\u00f1al\u00f3 que una de las madres de los agresores ya se present\u00f3 a dialogar, mientras espera que la familia del otro involucrado tambi\u00e9n se haga cargo.<\/p>\n\n\n\n<p>Finalmente, cerr\u00f3 su mensaje con un deseo de aprendizaje para los agresores:<\/p>\n\n\n\n<p>\u201cNo les deseo mal, se lo merecen, pero en la vida todo vuelve y espero que aprendan\u201d.<\/p>\n","protected":false},"excerpt":{"rendered":"<p>El joven de Col\u00f3n que fue golpeado a la salida de un local nocturno en calle 47 utiliz\u00f3 sus redes sociales para contar su versi\u00f3n de lo sucedido. En su publicaci\u00f3n aclar\u00f3&#8230;<\/p>\n","protected":false},"author":1,"featured_media":4971,"comment_status":"open","ping_status":"open","sticky":false,"template":"","format":"standard","meta":{"footnotes":""},"categories":[3],"tags":[],"class_list":["post-8346","post","type-post","status-publish","format-standard","has-post-thumbnail","hentry","category-general"],"_links":{"self":[{"href":"https:\/\/emisoracolon.com.ar\/index.php\/wp-json\/wp\/v2\/posts\/8346","targetHints":{"allow":["GET"]}}],"collection":[{"href":"https:\/\/emisoracolon.com.ar\/index.php\/wp-json\/wp\/v2\/posts"}],"about":[{"href":"https:\/\/emisoracolon.com.ar\/index.php\/wp-json\/wp\/v2\/types\/post"}],"author":[{"embeddable":true,"href":"https:\/\/emisoracolon.com.ar\/index.php\/wp-json\/wp\/v2\/users\/1"}],"replies":[{"embeddable":true,"href":"https:\/\/emisoracolon.com.ar\/index.php\/wp-json\/wp\/v2\/comments?post=8346"}],"version-history":[{"count":1,"href":"https:\/\/emisoracolon.com.ar\/index.php\/wp-json\/wp\/v2\/posts\/8346\/revisions"}],"predecessor-version":[{"id":8347,"href":"https:\/\/emisoracolon.com.ar\/index.php\/wp-json\/wp\/v2\/posts\/8346\/revisions\/8347"}],"wp:featuredmedia":[{"embeddable":true,"href":"https:\/\/emisoracolon.com.ar\/index.php\/wp-json\/wp\/v2\/media\/4971"}],"wp:attachment":[{"href":"https:\/\/emisoracolon.com.ar\/index.php\/wp-json\/wp\/v2\/media?parent=8346"}],"wp:term":[{"taxonomy":"category","embeddable":true,"href":"https:\/\/emisoracolon.com.ar\/index.php\/wp-json\/wp\/v2\/categories?post=8346"},{"taxonomy":"post_tag","embeddable":true,"href":"https:\/\/emisoracolon.com.ar\/index.php\/wp-json\/wp\/v2\/tags?post=8346"}],"curies":[{"name":"wp","href":"https:\/\/api.w.org\/{rel}","templated":true}]}}