{"id":8338,"date":"2025-09-17T16:34:04","date_gmt":"2025-09-17T19:34:04","guid":{"rendered":"https:\/\/emisoracolon.com.ar\/?p=8338"},"modified":"2025-09-17T16:34:04","modified_gmt":"2025-09-17T19:34:04","slug":"movilizacion-por-la-ley-de-seguridad-del-paciente","status":"publish","type":"post","link":"https:\/\/emisoracolon.com.ar\/index.php\/2025\/09\/17\/movilizacion-por-la-ley-de-seguridad-del-paciente\/","title":{"rendered":"Movilizaci\u00f3n por la Ley de Seguridad del Paciente"},"content":{"rendered":"\n<p>Ma\u00f1ana, en el D\u00eda Mundial de la Seguridad del Paciente, a las 10:00 horas, se realizar\u00e1 una movilizaci\u00f3n hacia el Congreso de la Naci\u00f3n para reclamar la sanci\u00f3n definitiva de la denominada Ley de Seguridad del Paciente o \u201cLey Nicol\u00e1s\u201d.<\/p>\n\n\n\n<p>El proyecto lleva m\u00e1s de tres a\u00f1os de recorrido legislativo. Fue aprobado por unanimidad en la C\u00e1mara de Diputados, obtuvo dictamen favorable \u2014tambi\u00e9n de manera un\u00e1nime\u2014 en las comisiones, y solo resta la votaci\u00f3n en el Senado.<\/p>\n\n\n\n<p>La iniciativa es impulsada por la asociaci\u00f3n civil \u201cPor la vida y la salud, por vos, por m\u00ed y por todos\u201d, encabezada por Gabriela Covelli, madre de Nicol\u00e1s Deanna, fallecido en 2017 a ra\u00edz de un caso de mala praxis. Covelli ha llevado adelante una intensa labor de concientizaci\u00f3n y di\u00e1logo con legisladores de todos los bloques para lograr que la ley avance.<\/p>\n\n\n\n<p>\u201cEsta ley fue presentada, trabajada, mejorada y consensuada durante a\u00f1os. No estamos dispuestos a tirar por la borda tanto esfuerzo\u201d, sostuvo Covelli, al destacar que el objetivo de la movilizaci\u00f3n es claro: que el Senado apruebe la Ley Nicol\u00e1s y se convierta en una herramienta real para garantizar la seguridad de los pacientes en todo el pa\u00eds.<\/p>\n\n\n\n<p>En nuestra ciudad, hay referentes comprometidos con esta causa que estar\u00e1n acompa\u00f1ando e impulsando la movilizaci\u00f3n de ma\u00f1ana.<\/p>\n","protected":false},"excerpt":{"rendered":"<p>Ma\u00f1ana, en el D\u00eda Mundial de la Seguridad del Paciente, a las 10:00 horas, se realizar\u00e1 una movilizaci\u00f3n hacia el Congreso de la Naci\u00f3n para reclamar la sanci\u00f3n definitiva de la denominada&#8230;<\/p>\n","protected":false},"author":1,"featured_media":8339,"comment_status":"open","ping_status":"open","sticky":false,"template":"","format":"standard","meta":{"footnotes":""},"categories":[3],"tags":[],"class_list":["post-8338","post","type-post","status-publish","format-standard","has-post-thumbnail","hentry","category-general"],"_links":{"self":[{"href":"https:\/\/emisoracolon.com.ar\/index.php\/wp-json\/wp\/v2\/posts\/8338","targetHints":{"allow":["GET"]}}],"collection":[{"href":"https:\/\/emisoracolon.com.ar\/index.php\/wp-json\/wp\/v2\/posts"}],"about":[{"href":"https:\/\/emisoracolon.com.ar\/index.php\/wp-json\/wp\/v2\/types\/post"}],"author":[{"embeddable":true,"href":"https:\/\/emisoracolon.com.ar\/index.php\/wp-json\/wp\/v2\/users\/1"}],"replies":[{"embeddable":true,"href":"https:\/\/emisoracolon.com.ar\/index.php\/wp-json\/wp\/v2\/comments?post=8338"}],"version-history":[{"count":1,"href":"https:\/\/emisoracolon.com.ar\/index.php\/wp-json\/wp\/v2\/posts\/8338\/revisions"}],"predecessor-version":[{"id":8340,"href":"https:\/\/emisoracolon.com.ar\/index.php\/wp-json\/wp\/v2\/posts\/8338\/revisions\/8340"}],"wp:featuredmedia":[{"embeddable":true,"href":"https:\/\/emisoracolon.com.ar\/index.php\/wp-json\/wp\/v2\/media\/8339"}],"wp:attachment":[{"href":"https:\/\/emisoracolon.com.ar\/index.php\/wp-json\/wp\/v2\/media?parent=8338"}],"wp:term":[{"taxonomy":"category","embeddable":true,"href":"https:\/\/emisoracolon.com.ar\/index.php\/wp-json\/wp\/v2\/categories?post=8338"},{"taxonomy":"post_tag","embeddable":true,"href":"https:\/\/emisoracolon.com.ar\/index.php\/wp-json\/wp\/v2\/tags?post=8338"}],"curies":[{"name":"wp","href":"https:\/\/api.w.org\/{rel}","templated":true}]}}