{"id":8336,"date":"2025-09-17T16:32:12","date_gmt":"2025-09-17T19:32:12","guid":{"rendered":"https:\/\/emisoracolon.com.ar\/?p=8336"},"modified":"2025-09-17T16:32:12","modified_gmt":"2025-09-17T19:32:12","slug":"robo-en-el-club-porteno","status":"publish","type":"post","link":"https:\/\/emisoracolon.com.ar\/index.php\/2025\/09\/17\/robo-en-el-club-porteno\/","title":{"rendered":"Robo en el Club Porte\u00f1o"},"content":{"rendered":"\n<p>Una vez m\u00e1s, el Club Porte\u00f1o fue v\u00edctima de la inseguridad. La Comisi\u00f3n Directiva emiti\u00f3 un comunicado en el que expres\u00f3 su profundo malestar:<\/p>\n\n\n\n<p>&#8220;Una vez m\u00e1s nos vemos afectados por los robos frecuentes en nuestro predio. Repudiamos totalmente estos actos que nos entristecen profundamente. Hacemos un esfuerzo enorme para recaudar el poco dinero que podemos, en un contexto econ\u00f3mico sumamente dif\u00edcil&#8221;, se\u00f1alaron.<\/p>\n\n\n\n<p>Desde la instituci\u00f3n lamentaron que estos episodios atenten contra el progreso del club y subrayaron que este tipo de situaciones desalientan el trabajo que realizan a diario con compromiso y dedicaci\u00f3n para sostener la actividad deportiva y social de la comunidad.<\/p>\n\n\n\n<p>El hecho ocurri\u00f3 en el predio deportivo de calles 9 y 58, donde desconocidos forzaron las rejas de la cantina ubicada en uno de los laterales de la cancha de f\u00fatbol. De all\u00ed se llevaron la totalidad del contenido de dos freezers con alimentos y bebida<\/p>\n","protected":false},"excerpt":{"rendered":"<p>Una vez m\u00e1s, el Club Porte\u00f1o fue v\u00edctima de la inseguridad. La Comisi\u00f3n Directiva emiti\u00f3 un comunicado en el que expres\u00f3 su profundo malestar: &#8220;Una vez m\u00e1s nos vemos afectados por los&#8230;<\/p>\n","protected":false},"author":1,"featured_media":4971,"comment_status":"open","ping_status":"open","sticky":false,"template":"","format":"standard","meta":{"footnotes":""},"categories":[3],"tags":[],"class_list":["post-8336","post","type-post","status-publish","format-standard","has-post-thumbnail","hentry","category-general"],"_links":{"self":[{"href":"https:\/\/emisoracolon.com.ar\/index.php\/wp-json\/wp\/v2\/posts\/8336","targetHints":{"allow":["GET"]}}],"collection":[{"href":"https:\/\/emisoracolon.com.ar\/index.php\/wp-json\/wp\/v2\/posts"}],"about":[{"href":"https:\/\/emisoracolon.com.ar\/index.php\/wp-json\/wp\/v2\/types\/post"}],"author":[{"embeddable":true,"href":"https:\/\/emisoracolon.com.ar\/index.php\/wp-json\/wp\/v2\/users\/1"}],"replies":[{"embeddable":true,"href":"https:\/\/emisoracolon.com.ar\/index.php\/wp-json\/wp\/v2\/comments?post=8336"}],"version-history":[{"count":1,"href":"https:\/\/emisoracolon.com.ar\/index.php\/wp-json\/wp\/v2\/posts\/8336\/revisions"}],"predecessor-version":[{"id":8337,"href":"https:\/\/emisoracolon.com.ar\/index.php\/wp-json\/wp\/v2\/posts\/8336\/revisions\/8337"}],"wp:featuredmedia":[{"embeddable":true,"href":"https:\/\/emisoracolon.com.ar\/index.php\/wp-json\/wp\/v2\/media\/4971"}],"wp:attachment":[{"href":"https:\/\/emisoracolon.com.ar\/index.php\/wp-json\/wp\/v2\/media?parent=8336"}],"wp:term":[{"taxonomy":"category","embeddable":true,"href":"https:\/\/emisoracolon.com.ar\/index.php\/wp-json\/wp\/v2\/categories?post=8336"},{"taxonomy":"post_tag","embeddable":true,"href":"https:\/\/emisoracolon.com.ar\/index.php\/wp-json\/wp\/v2\/tags?post=8336"}],"curies":[{"name":"wp","href":"https:\/\/api.w.org\/{rel}","templated":true}]}}