{"id":8333,"date":"2025-09-17T16:31:29","date_gmt":"2025-09-17T19:31:29","guid":{"rendered":"https:\/\/emisoracolon.com.ar\/?p=8333"},"modified":"2025-09-17T16:31:29","modified_gmt":"2025-09-17T19:31:29","slug":"el-viernes-encuentro-con-julia-strada","status":"publish","type":"post","link":"https:\/\/emisoracolon.com.ar\/index.php\/2025\/09\/17\/el-viernes-encuentro-con-julia-strada\/","title":{"rendered":"El viernes encuentro con Julia Strada"},"content":{"rendered":"\n<p>Este viernes en la Unidad B\u00e1sica de Fuerza Patria a las 18:30 Julia Strada ofrecer\u00e1 una charla con el t\u00edtulo, \u201cLa Argentina de hoy, el plan econ\u00f3mico de Javier Milei.<\/p>\n\n\n\n<p>Anuncian que ser\u00e1 un encuentro para informarse, conversar y debatir sobre la econom\u00eda actual y c\u00f3mo el contexto atraviesa nuestra vida cotidiana. Un espacio abierto, de intercambio y construcci\u00f3n colectiva<\/p>\n\n\n\n<p>.Doctora en Desarrollo Econ\u00f3mico. Directora del Centro de Econom\u00eda Pol\u00edtica Argentina (CEPA). Diputada Nacional por Uni\u00f3n por la Patria ya estuvo en nuestra ciudad hablando de cuestiones relativas al momento que se vive, particularmente, en el plano econ\u00f3mico.<\/p>\n","protected":false},"excerpt":{"rendered":"<p>Este viernes en la Unidad B\u00e1sica de Fuerza Patria a las 18:30 Julia Strada ofrecer\u00e1 una charla con el t\u00edtulo, \u201cLa Argentina de hoy, el plan econ\u00f3mico de Javier Milei. Anuncian que&#8230;<\/p>\n","protected":false},"author":1,"featured_media":8334,"comment_status":"open","ping_status":"open","sticky":false,"template":"","format":"standard","meta":{"footnotes":""},"categories":[3],"tags":[],"class_list":["post-8333","post","type-post","status-publish","format-standard","has-post-thumbnail","hentry","category-general"],"_links":{"self":[{"href":"https:\/\/emisoracolon.com.ar\/index.php\/wp-json\/wp\/v2\/posts\/8333","targetHints":{"allow":["GET"]}}],"collection":[{"href":"https:\/\/emisoracolon.com.ar\/index.php\/wp-json\/wp\/v2\/posts"}],"about":[{"href":"https:\/\/emisoracolon.com.ar\/index.php\/wp-json\/wp\/v2\/types\/post"}],"author":[{"embeddable":true,"href":"https:\/\/emisoracolon.com.ar\/index.php\/wp-json\/wp\/v2\/users\/1"}],"replies":[{"embeddable":true,"href":"https:\/\/emisoracolon.com.ar\/index.php\/wp-json\/wp\/v2\/comments?post=8333"}],"version-history":[{"count":1,"href":"https:\/\/emisoracolon.com.ar\/index.php\/wp-json\/wp\/v2\/posts\/8333\/revisions"}],"predecessor-version":[{"id":8335,"href":"https:\/\/emisoracolon.com.ar\/index.php\/wp-json\/wp\/v2\/posts\/8333\/revisions\/8335"}],"wp:featuredmedia":[{"embeddable":true,"href":"https:\/\/emisoracolon.com.ar\/index.php\/wp-json\/wp\/v2\/media\/8334"}],"wp:attachment":[{"href":"https:\/\/emisoracolon.com.ar\/index.php\/wp-json\/wp\/v2\/media?parent=8333"}],"wp:term":[{"taxonomy":"category","embeddable":true,"href":"https:\/\/emisoracolon.com.ar\/index.php\/wp-json\/wp\/v2\/categories?post=8333"},{"taxonomy":"post_tag","embeddable":true,"href":"https:\/\/emisoracolon.com.ar\/index.php\/wp-json\/wp\/v2\/tags?post=8333"}],"curies":[{"name":"wp","href":"https:\/\/api.w.org\/{rel}","templated":true}]}}