{"id":8327,"date":"2025-09-17T16:26:29","date_gmt":"2025-09-17T19:26:29","guid":{"rendered":"https:\/\/emisoracolon.com.ar\/?p=8327"},"modified":"2025-09-17T16:26:29","modified_gmt":"2025-09-17T19:26:29","slug":"lucas-britos-al-frente-de-bellas-artes","status":"publish","type":"post","link":"https:\/\/emisoracolon.com.ar\/index.php\/2025\/09\/17\/lucas-britos-al-frente-de-bellas-artes\/","title":{"rendered":"Lucas Britos al frente de Bellas Artes"},"content":{"rendered":"\n<p>Nuevamente un var\u00f3n al frente de la Escuela de Bellas Artes. Se trata de Lucas Britos quien se har\u00e1 cargo de la escuela que en estos tiempos, hasta su renuncia, fue conducida por Pablo Pascua.<\/p>\n\n\n\n<p>No estar\u00e1 s\u00f3lo, Silvia Vargas ocupar\u00e1 el cargo de coordinadora de eventos populares .Ayer estuvieron reunidos con el intendente Waldemar Giordano, y aprovecharon el momento para hacer p\u00fablica la designaci\u00f3n.<\/p>\n","protected":false},"excerpt":{"rendered":"<p>Nuevamente un var\u00f3n al frente de la Escuela de Bellas Artes. Se trata de Lucas Britos quien se har\u00e1 cargo de la escuela que en estos tiempos, hasta su renuncia, fue conducida&#8230;<\/p>\n","protected":false},"author":1,"featured_media":8329,"comment_status":"open","ping_status":"open","sticky":false,"template":"","format":"standard","meta":{"footnotes":""},"categories":[7,3],"tags":[],"class_list":["post-8327","post","type-post","status-publish","format-standard","has-post-thumbnail","hentry","category-cultura","category-general"],"_links":{"self":[{"href":"https:\/\/emisoracolon.com.ar\/index.php\/wp-json\/wp\/v2\/posts\/8327","targetHints":{"allow":["GET"]}}],"collection":[{"href":"https:\/\/emisoracolon.com.ar\/index.php\/wp-json\/wp\/v2\/posts"}],"about":[{"href":"https:\/\/emisoracolon.com.ar\/index.php\/wp-json\/wp\/v2\/types\/post"}],"author":[{"embeddable":true,"href":"https:\/\/emisoracolon.com.ar\/index.php\/wp-json\/wp\/v2\/users\/1"}],"replies":[{"embeddable":true,"href":"https:\/\/emisoracolon.com.ar\/index.php\/wp-json\/wp\/v2\/comments?post=8327"}],"version-history":[{"count":1,"href":"https:\/\/emisoracolon.com.ar\/index.php\/wp-json\/wp\/v2\/posts\/8327\/revisions"}],"predecessor-version":[{"id":8330,"href":"https:\/\/emisoracolon.com.ar\/index.php\/wp-json\/wp\/v2\/posts\/8327\/revisions\/8330"}],"wp:featuredmedia":[{"embeddable":true,"href":"https:\/\/emisoracolon.com.ar\/index.php\/wp-json\/wp\/v2\/media\/8329"}],"wp:attachment":[{"href":"https:\/\/emisoracolon.com.ar\/index.php\/wp-json\/wp\/v2\/media?parent=8327"}],"wp:term":[{"taxonomy":"category","embeddable":true,"href":"https:\/\/emisoracolon.com.ar\/index.php\/wp-json\/wp\/v2\/categories?post=8327"},{"taxonomy":"post_tag","embeddable":true,"href":"https:\/\/emisoracolon.com.ar\/index.php\/wp-json\/wp\/v2\/tags?post=8327"}],"curies":[{"name":"wp","href":"https:\/\/api.w.org\/{rel}","templated":true}]}}