{"id":8321,"date":"2025-09-16T16:54:26","date_gmt":"2025-09-16T19:54:26","guid":{"rendered":"https:\/\/emisoracolon.com.ar\/?p=8321"},"modified":"2025-09-16T16:54:26","modified_gmt":"2025-09-16T19:54:26","slug":"la-cooperativa-electrica-de-colon-celebro-sus-68-anos","status":"publish","type":"post","link":"https:\/\/emisoracolon.com.ar\/index.php\/2025\/09\/16\/la-cooperativa-electrica-de-colon-celebro-sus-68-anos\/","title":{"rendered":"La Cooperativa El\u00e9ctrica de Col\u00f3n celebr\u00f3 sus 68 a\u00f1os"},"content":{"rendered":"\n<p>La Cooperativa El\u00e9ctrica de Col\u00f3n cumpli\u00f3 ayer, 15 de septiembre, 68 a\u00f1os de vida institucional. Nacida en 1957, fue el resultado del compromiso de un grupo de vecinos que decidi\u00f3 unirse para resolver el grave problema energ\u00e9tico que enfrentaba la ciudad. Tras varios a\u00f1os de esfuerzo, en noviembre de 1961 se puso en marcha el primer motor, marcando un antes y un despu\u00e9s en la historia local.<\/p>\n\n\n\n<p>Desde entonces, la entidad se consolid\u00f3 como una instituci\u00f3n clave para el desarrollo de Col\u00f3n, guiada por los valores cooperativos y el trabajo colectivo. Actualmente cuenta con 19.810 asociados. El \u00e1rea el\u00e9ctrica abastece a 12.527 usuarios con continuidad, eficiencia y calidad.<\/p>\n\n\n\n<p>En 1998 sumaron Coopenet, el servicio de internet, que hoy cuenta con 5.200 abonados, 4.500 puntos de acceso WiFi y el 100% de la ciudad cubierta con fibra \u00f3ptica directa al hogar.<\/p>\n\n\n\n<p>La cooperativa tambi\u00e9n lleva adelante otros servicios comunitarios:<\/p>\n\n\n\n<p>\u2022 Obrador: obras de pavimento, cord\u00f3n cuneta, cloacas y gas natural.<\/p>\n\n\n\n<p>\u2022 Corral\u00f3n: materiales de construcci\u00f3n con financiaci\u00f3n en la factura de energ\u00eda.<\/p>\n\n\n\n<p>\u2022 Servicios Sociales: sepelio solidario, cementerio parque, nichos y banco ortop\u00e9dico.<\/p>\n\n\n\n<p>En su 68\u00ba aniversario, desde la instituci\u00f3n expresaron: \u201cEstamos orgullosos de nuestra historia, de los logros compartidos y con la mirada puesta en nuevos proyectos para seguir acompa\u00f1ando a Col\u00f3n\u201d.<\/p>\n","protected":false},"excerpt":{"rendered":"<p>La Cooperativa El\u00e9ctrica de Col\u00f3n cumpli\u00f3 ayer, 15 de septiembre, 68 a\u00f1os de vida institucional. Nacida en 1957, fue el resultado del compromiso de un grupo de vecinos que decidi\u00f3 unirse para&#8230;<\/p>\n","protected":false},"author":1,"featured_media":651,"comment_status":"open","ping_status":"open","sticky":false,"template":"","format":"standard","meta":{"footnotes":""},"categories":[3],"tags":[],"class_list":["post-8321","post","type-post","status-publish","format-standard","has-post-thumbnail","hentry","category-general"],"_links":{"self":[{"href":"https:\/\/emisoracolon.com.ar\/index.php\/wp-json\/wp\/v2\/posts\/8321","targetHints":{"allow":["GET"]}}],"collection":[{"href":"https:\/\/emisoracolon.com.ar\/index.php\/wp-json\/wp\/v2\/posts"}],"about":[{"href":"https:\/\/emisoracolon.com.ar\/index.php\/wp-json\/wp\/v2\/types\/post"}],"author":[{"embeddable":true,"href":"https:\/\/emisoracolon.com.ar\/index.php\/wp-json\/wp\/v2\/users\/1"}],"replies":[{"embeddable":true,"href":"https:\/\/emisoracolon.com.ar\/index.php\/wp-json\/wp\/v2\/comments?post=8321"}],"version-history":[{"count":1,"href":"https:\/\/emisoracolon.com.ar\/index.php\/wp-json\/wp\/v2\/posts\/8321\/revisions"}],"predecessor-version":[{"id":8322,"href":"https:\/\/emisoracolon.com.ar\/index.php\/wp-json\/wp\/v2\/posts\/8321\/revisions\/8322"}],"wp:featuredmedia":[{"embeddable":true,"href":"https:\/\/emisoracolon.com.ar\/index.php\/wp-json\/wp\/v2\/media\/651"}],"wp:attachment":[{"href":"https:\/\/emisoracolon.com.ar\/index.php\/wp-json\/wp\/v2\/media?parent=8321"}],"wp:term":[{"taxonomy":"category","embeddable":true,"href":"https:\/\/emisoracolon.com.ar\/index.php\/wp-json\/wp\/v2\/categories?post=8321"},{"taxonomy":"post_tag","embeddable":true,"href":"https:\/\/emisoracolon.com.ar\/index.php\/wp-json\/wp\/v2\/tags?post=8321"}],"curies":[{"name":"wp","href":"https:\/\/api.w.org\/{rel}","templated":true}]}}