{"id":8316,"date":"2025-09-16T16:48:59","date_gmt":"2025-09-16T19:48:59","guid":{"rendered":"https:\/\/emisoracolon.com.ar\/?p=8316"},"modified":"2025-09-16T16:48:59","modified_gmt":"2025-09-16T19:48:59","slug":"la-campana-de-vacunacion-contra-el-dengue-llega-a-toda-provincia","status":"publish","type":"post","link":"https:\/\/emisoracolon.com.ar\/index.php\/2025\/09\/16\/la-campana-de-vacunacion-contra-el-dengue-llega-a-toda-provincia\/","title":{"rendered":"La Campa\u00f1a de Vacunaci\u00f3n contra el Dengue llega a toda provincia"},"content":{"rendered":"\n<p>A partir de hoy las personas entre 15 y 59 a\u00f1os que vivan en la Provincia de Buenos Aires podr\u00e1n registrarse para acceder a la vacuna, hayan tenido o no la enfermedad.<\/p>\n\n\n\n<p>El registro se realiza por el portal Mi Salud Digital Bonaerense y la informaci\u00f3n sobre fecha y hora del turno ser\u00e1 notificada v\u00eda mail, por lo tanto, no se olviden de chequear tu casilla de correo electr\u00f3nico<\/p>\n","protected":false},"excerpt":{"rendered":"<p>A partir de hoy las personas entre 15 y 59 a\u00f1os que vivan en la Provincia de Buenos Aires podr\u00e1n registrarse para acceder a la vacuna, hayan tenido o no la enfermedad&#8230;.<\/p>\n","protected":false},"author":1,"featured_media":3903,"comment_status":"open","ping_status":"open","sticky":false,"template":"","format":"standard","meta":{"footnotes":""},"categories":[3],"tags":[],"class_list":["post-8316","post","type-post","status-publish","format-standard","has-post-thumbnail","hentry","category-general"],"_links":{"self":[{"href":"https:\/\/emisoracolon.com.ar\/index.php\/wp-json\/wp\/v2\/posts\/8316","targetHints":{"allow":["GET"]}}],"collection":[{"href":"https:\/\/emisoracolon.com.ar\/index.php\/wp-json\/wp\/v2\/posts"}],"about":[{"href":"https:\/\/emisoracolon.com.ar\/index.php\/wp-json\/wp\/v2\/types\/post"}],"author":[{"embeddable":true,"href":"https:\/\/emisoracolon.com.ar\/index.php\/wp-json\/wp\/v2\/users\/1"}],"replies":[{"embeddable":true,"href":"https:\/\/emisoracolon.com.ar\/index.php\/wp-json\/wp\/v2\/comments?post=8316"}],"version-history":[{"count":1,"href":"https:\/\/emisoracolon.com.ar\/index.php\/wp-json\/wp\/v2\/posts\/8316\/revisions"}],"predecessor-version":[{"id":8317,"href":"https:\/\/emisoracolon.com.ar\/index.php\/wp-json\/wp\/v2\/posts\/8316\/revisions\/8317"}],"wp:featuredmedia":[{"embeddable":true,"href":"https:\/\/emisoracolon.com.ar\/index.php\/wp-json\/wp\/v2\/media\/3903"}],"wp:attachment":[{"href":"https:\/\/emisoracolon.com.ar\/index.php\/wp-json\/wp\/v2\/media?parent=8316"}],"wp:term":[{"taxonomy":"category","embeddable":true,"href":"https:\/\/emisoracolon.com.ar\/index.php\/wp-json\/wp\/v2\/categories?post=8316"},{"taxonomy":"post_tag","embeddable":true,"href":"https:\/\/emisoracolon.com.ar\/index.php\/wp-json\/wp\/v2\/tags?post=8316"}],"curies":[{"name":"wp","href":"https:\/\/api.w.org\/{rel}","templated":true}]}}