{"id":8314,"date":"2025-09-16T16:48:12","date_gmt":"2025-09-16T19:48:12","guid":{"rendered":"https:\/\/emisoracolon.com.ar\/?p=8314"},"modified":"2025-09-16T16:48:12","modified_gmt":"2025-09-16T19:48:12","slug":"candidatos-bonaerenses-de-fuerza-patria-en-el-pj-nacional","status":"publish","type":"post","link":"https:\/\/emisoracolon.com.ar\/index.php\/2025\/09\/16\/candidatos-bonaerenses-de-fuerza-patria-en-el-pj-nacional\/","title":{"rendered":"Candidatos bonaerenses de Fuerza Patria en el PJ Nacional"},"content":{"rendered":"\n<p>\u201cEn busca de una mayor\u00eda que frene el ajuste de Milei\u201d afirm\u00f3 Fernanda D\u00edaz, candidata a diputada nacional por la provincia de Buenos Aires, tras participar del encuentro realizado ayer en la sede del PJ Nacional, en Matheu 130. La colonense ir\u00e1 en busca de una banca en la C\u00e1mara de Diputados de la Naci\u00f3n.<\/p>\n\n\n\n<p>El pr\u00f3ximo 26 de octubre, el peronismo pondr\u00e1 en juego en territorio bonaerense 15 bancas en la C\u00e1mara de Diputados de la Naci\u00f3n. En ese marco, Fuerza Patria trabaja para ampliar su representaci\u00f3n legislativa y consolidar una mayor\u00eda que frene en el Congreso el ajuste y las reformas impulsadas por el gobierno de Javier Milei.<\/p>\n\n\n\n<p>Consultada al respecto, Fernanda D\u00edaz se\u00f1al\u00f3:<\/p>\n\n\n\n<p>\u201cEl objetivo es sumar la mayor cantidad de legisladores y legisladoras nacionales que permitan construir una mayor\u00eda en el Congreso para frenar el ajuste y las reformas que Milei busca imponer en contra de los argentinos y argentinas\u201d.<\/p>\n\n\n\n<p>Desde la fuerza remarcaron que el peronismo busca retener sus bancas actuales y ampliarlas, garantizando que no se contin\u00fae avanzando contra los derechos de trabajadores, jubilados, pensionados, personas con discapacidad y estudiantes universitarios.<\/p>\n\n\n\n<p>Durante la reuni\u00f3n, se definieron los lineamientos de campa\u00f1a, que apuntan a poner l\u00edmites desde el Poder Legislativo a las pol\u00edticas de ajuste del gobierno nacional. Se destac\u00f3 la importancia de lograr una amplia mayor\u00eda parlamentaria que impida al presidente vetar leyes que busquen detener las medidas consideradas lesivas para la sociedad.<\/p>\n\n\n\n<p>En paralelo, se reiter\u00f3 el reclamo de \u201cCristina Libre\u201d, denunciando la proscripci\u00f3n y detenci\u00f3n de la presidenta del principal partido opositor, que ya lleva m\u00e1s de tres meses.<\/p>\n\n\n\n<p>Entre los dirigentes presentes estuvieron Jorge Taiana, Jimena L\u00f3pez, Juan Grabois, Vanesa Siley, Sergio Palazzo, Teresa Garc\u00eda, Horacio Pietragalla Corti, Agustina Propato, Hugo Moyano (h), Fernanda D\u00edaz, Sebasti\u00e1n Galmarini, Fernanda Mi\u00f1o, Hugo Yasky, Marina Salzmann, Nicol\u00e1s Trotta, Mar\u00eda Vel\u00e1zquez, Luis Calderaro, Aldana Rodr\u00edguez Golisano y Daniel Catalano.<\/p>\n","protected":false},"excerpt":{"rendered":"<p>\u201cEn busca de una mayor\u00eda que frene el ajuste de Milei\u201d afirm\u00f3 Fernanda D\u00edaz, candidata a diputada nacional por la provincia de Buenos Aires, tras participar del encuentro realizado ayer en la&#8230;<\/p>\n","protected":false},"author":1,"featured_media":7593,"comment_status":"open","ping_status":"open","sticky":false,"template":"","format":"standard","meta":{"footnotes":""},"categories":[3],"tags":[],"class_list":["post-8314","post","type-post","status-publish","format-standard","has-post-thumbnail","hentry","category-general"],"_links":{"self":[{"href":"https:\/\/emisoracolon.com.ar\/index.php\/wp-json\/wp\/v2\/posts\/8314","targetHints":{"allow":["GET"]}}],"collection":[{"href":"https:\/\/emisoracolon.com.ar\/index.php\/wp-json\/wp\/v2\/posts"}],"about":[{"href":"https:\/\/emisoracolon.com.ar\/index.php\/wp-json\/wp\/v2\/types\/post"}],"author":[{"embeddable":true,"href":"https:\/\/emisoracolon.com.ar\/index.php\/wp-json\/wp\/v2\/users\/1"}],"replies":[{"embeddable":true,"href":"https:\/\/emisoracolon.com.ar\/index.php\/wp-json\/wp\/v2\/comments?post=8314"}],"version-history":[{"count":1,"href":"https:\/\/emisoracolon.com.ar\/index.php\/wp-json\/wp\/v2\/posts\/8314\/revisions"}],"predecessor-version":[{"id":8315,"href":"https:\/\/emisoracolon.com.ar\/index.php\/wp-json\/wp\/v2\/posts\/8314\/revisions\/8315"}],"wp:featuredmedia":[{"embeddable":true,"href":"https:\/\/emisoracolon.com.ar\/index.php\/wp-json\/wp\/v2\/media\/7593"}],"wp:attachment":[{"href":"https:\/\/emisoracolon.com.ar\/index.php\/wp-json\/wp\/v2\/media?parent=8314"}],"wp:term":[{"taxonomy":"category","embeddable":true,"href":"https:\/\/emisoracolon.com.ar\/index.php\/wp-json\/wp\/v2\/categories?post=8314"},{"taxonomy":"post_tag","embeddable":true,"href":"https:\/\/emisoracolon.com.ar\/index.php\/wp-json\/wp\/v2\/tags?post=8314"}],"curies":[{"name":"wp","href":"https:\/\/api.w.org\/{rel}","templated":true}]}}