{"id":8310,"date":"2025-09-15T16:47:13","date_gmt":"2025-09-15T19:47:13","guid":{"rendered":"https:\/\/emisoracolon.com.ar\/?p=8310"},"modified":"2025-09-15T16:47:13","modified_gmt":"2025-09-15T19:47:13","slug":"un-colonense-en-provincias-unidas","status":"publish","type":"post","link":"https:\/\/emisoracolon.com.ar\/index.php\/2025\/09\/15\/un-colonense-en-provincias-unidas\/","title":{"rendered":"Un colonense en Provincias Unidas"},"content":{"rendered":"\n<p>El frente de gobernadores, que busca dar la pelea presidencial desde un armado \u201cfederal\u201d en 2027, juega fuerte en estas legislativas de medio t\u00e9rmino. Provincias Unidas, el sello que han creado, tendr\u00e1 listas en m\u00e1s provincias, anunciaron anoche fuentes de ese espacio. Sobre el cierre de inscripci\u00f3n de alianzas, seg\u00fan algunos ser\u00eda en 15 distritos o m\u00e1s, aunque otros relativizaron que el armado alcance ese n\u00famero.<\/p>\n\n\n\n<p>Y aunque faltan diez d\u00edas para inscribir candidatos, ya anticiparon nombres: Juan Schiaretti ser\u00e1 casi seguro, candidato a diputado por C\u00f3rdoba. Con muy alta imagen en la provincia que gobern\u00f3 tres mandatos, el hecho de que juegue, tiene fuerte impacto en ese distrito. Se lo menciona adem\u00e1s como un futuro articulador de este sector de oposici\u00f3n en la C\u00e1mara de Diputados.<\/p>\n\n\n\n<p>En Provincia de Buenos Aires, el actual diputado Florencio Randazzo (presidente del partido Hacemos nacional, que fund\u00f3 Schiaretti en C\u00f3rdoba) encabezar\u00eda la boleta de Provincias Unidas, para renovar su banca. Se menciona que el colonense, Enrique Valazco podr\u00eda integrarla. Aun se defin\u00eda c\u00f3mo terminar\u00e1 este armado \u201canti extremos\u201d (ni K ni mileista) en la Provincia, que busca replicar el frente Somos Buenos Aires que compite en la provincial del 7 de setiembre.<\/p>\n","protected":false},"excerpt":{"rendered":"<p>El frente de gobernadores, que busca dar la pelea presidencial desde un armado \u201cfederal\u201d en 2027, juega fuerte en estas legislativas de medio t\u00e9rmino. Provincias Unidas, el sello que han creado, tendr\u00e1&#8230;<\/p>\n","protected":false},"author":1,"featured_media":7593,"comment_status":"open","ping_status":"open","sticky":false,"template":"","format":"standard","meta":{"footnotes":""},"categories":[3],"tags":[],"class_list":["post-8310","post","type-post","status-publish","format-standard","has-post-thumbnail","hentry","category-general"],"_links":{"self":[{"href":"https:\/\/emisoracolon.com.ar\/index.php\/wp-json\/wp\/v2\/posts\/8310","targetHints":{"allow":["GET"]}}],"collection":[{"href":"https:\/\/emisoracolon.com.ar\/index.php\/wp-json\/wp\/v2\/posts"}],"about":[{"href":"https:\/\/emisoracolon.com.ar\/index.php\/wp-json\/wp\/v2\/types\/post"}],"author":[{"embeddable":true,"href":"https:\/\/emisoracolon.com.ar\/index.php\/wp-json\/wp\/v2\/users\/1"}],"replies":[{"embeddable":true,"href":"https:\/\/emisoracolon.com.ar\/index.php\/wp-json\/wp\/v2\/comments?post=8310"}],"version-history":[{"count":1,"href":"https:\/\/emisoracolon.com.ar\/index.php\/wp-json\/wp\/v2\/posts\/8310\/revisions"}],"predecessor-version":[{"id":8311,"href":"https:\/\/emisoracolon.com.ar\/index.php\/wp-json\/wp\/v2\/posts\/8310\/revisions\/8311"}],"wp:featuredmedia":[{"embeddable":true,"href":"https:\/\/emisoracolon.com.ar\/index.php\/wp-json\/wp\/v2\/media\/7593"}],"wp:attachment":[{"href":"https:\/\/emisoracolon.com.ar\/index.php\/wp-json\/wp\/v2\/media?parent=8310"}],"wp:term":[{"taxonomy":"category","embeddable":true,"href":"https:\/\/emisoracolon.com.ar\/index.php\/wp-json\/wp\/v2\/categories?post=8310"},{"taxonomy":"post_tag","embeddable":true,"href":"https:\/\/emisoracolon.com.ar\/index.php\/wp-json\/wp\/v2\/tags?post=8310"}],"curies":[{"name":"wp","href":"https:\/\/api.w.org\/{rel}","templated":true}]}}