{"id":8306,"date":"2025-09-15T16:44:13","date_gmt":"2025-09-15T19:44:13","guid":{"rendered":"https:\/\/emisoracolon.com.ar\/?p=8306"},"modified":"2025-09-15T16:44:13","modified_gmt":"2025-09-15T19:44:13","slug":"preocupacion-por-distintos-hechos-de-violencia-en-la-ciudad","status":"publish","type":"post","link":"https:\/\/emisoracolon.com.ar\/index.php\/2025\/09\/15\/preocupacion-por-distintos-hechos-de-violencia-en-la-ciudad\/","title":{"rendered":"Preocupaci\u00f3n por distintos hechos de violencia en la ciudad"},"content":{"rendered":"\n<p>Varios episodios registrados en los \u00faltimos d\u00edas ponen en evidencia la compleja situaci\u00f3n que se vive en nuestra comunidad, donde la violencia parece irrumpir en distintos \u00e1mbitos de la vida cotidiana.<\/p>\n\n\n\n<p>En un hogar, una mujer fue brutalmente agredida por su ex pareja, que ingres\u00f3 por la ventana y, tras una discusi\u00f3n, la golpe\u00f3 y arrastr\u00f3 de los cabellos frente a su hija de apenas dos a\u00f1os. La intervenci\u00f3n de un familiar permiti\u00f3 frenar la situaci\u00f3n, aunque el da\u00f1o ya estaba hecho.<\/p>\n\n\n\n<p>En la v\u00eda p\u00fablica, dos mujeres se encontraron de manera casual y, lejos de poder resolver sus diferencias, protagonizaron un enfrentamiento con tirones de cabello y golpes. La disputa giraba en torno a cuestiones personales relacionadas con una pareja actual y una ex relaci\u00f3n.<\/p>\n\n\n\n<p>Tambi\u00e9n preocupa la violencia entre j\u00f3venes: un muchacho que sal\u00eda de un local en inmediaciones de calles 47 y 25 fue atacado por dos adolescentes de 17 a\u00f1os. El resultado fue alarmante: fractura de tabique nasal, lesiones en un p\u00f3mulo y marcas en distintas partes del cuerpo.<\/p>\n\n\n\n<p>La tensi\u00f3n se traslad\u00f3 incluso a un kiosco, donde una discusi\u00f3n entre dos personas deriv\u00f3 en amenazas con un arma de fuego. Un hombre de 36 a\u00f1os, tras amenazar verbalmente a otro de 25, sac\u00f3 un rev\u00f3lver negro con el que lo intimid\u00f3.<\/p>\n\n\n\n<p>Estos hechos, m\u00e1s all\u00e1 de las denuncias que ya se realizaron en la Polic\u00eda local, reflejan un clima de creciente conflictividad y violencia que afecta a la convivencia social. La preocupaci\u00f3n se centra en c\u00f3mo estos episodios impactan no solo en las v\u00edctimas directas, sino tambi\u00e9n en el tejido comunitario, en los ni\u00f1os que presencian las agresiones y en la sensaci\u00f3n general de inseguridad que atraviesa a los vecinos.<\/p>\n","protected":false},"excerpt":{"rendered":"<p>Varios episodios registrados en los \u00faltimos d\u00edas ponen en evidencia la compleja situaci\u00f3n que se vive en nuestra comunidad, donde la violencia parece irrumpir en distintos \u00e1mbitos de la vida cotidiana. En&#8230;<\/p>\n","protected":false},"author":1,"featured_media":4971,"comment_status":"open","ping_status":"open","sticky":false,"template":"","format":"standard","meta":{"footnotes":""},"categories":[3],"tags":[],"class_list":["post-8306","post","type-post","status-publish","format-standard","has-post-thumbnail","hentry","category-general"],"_links":{"self":[{"href":"https:\/\/emisoracolon.com.ar\/index.php\/wp-json\/wp\/v2\/posts\/8306","targetHints":{"allow":["GET"]}}],"collection":[{"href":"https:\/\/emisoracolon.com.ar\/index.php\/wp-json\/wp\/v2\/posts"}],"about":[{"href":"https:\/\/emisoracolon.com.ar\/index.php\/wp-json\/wp\/v2\/types\/post"}],"author":[{"embeddable":true,"href":"https:\/\/emisoracolon.com.ar\/index.php\/wp-json\/wp\/v2\/users\/1"}],"replies":[{"embeddable":true,"href":"https:\/\/emisoracolon.com.ar\/index.php\/wp-json\/wp\/v2\/comments?post=8306"}],"version-history":[{"count":1,"href":"https:\/\/emisoracolon.com.ar\/index.php\/wp-json\/wp\/v2\/posts\/8306\/revisions"}],"predecessor-version":[{"id":8307,"href":"https:\/\/emisoracolon.com.ar\/index.php\/wp-json\/wp\/v2\/posts\/8306\/revisions\/8307"}],"wp:featuredmedia":[{"embeddable":true,"href":"https:\/\/emisoracolon.com.ar\/index.php\/wp-json\/wp\/v2\/media\/4971"}],"wp:attachment":[{"href":"https:\/\/emisoracolon.com.ar\/index.php\/wp-json\/wp\/v2\/media?parent=8306"}],"wp:term":[{"taxonomy":"category","embeddable":true,"href":"https:\/\/emisoracolon.com.ar\/index.php\/wp-json\/wp\/v2\/categories?post=8306"},{"taxonomy":"post_tag","embeddable":true,"href":"https:\/\/emisoracolon.com.ar\/index.php\/wp-json\/wp\/v2\/tags?post=8306"}],"curies":[{"name":"wp","href":"https:\/\/api.w.org\/{rel}","templated":true}]}}