{"id":8303,"date":"2025-09-15T16:42:30","date_gmt":"2025-09-15T19:42:30","guid":{"rendered":"https:\/\/emisoracolon.com.ar\/?p=8303"},"modified":"2025-09-15T16:42:30","modified_gmt":"2025-09-15T19:42:30","slug":"denuncia-de-bruno-quagliardi-bozzolani","status":"publish","type":"post","link":"https:\/\/emisoracolon.com.ar\/index.php\/2025\/09\/15\/denuncia-de-bruno-quagliardi-bozzolani\/","title":{"rendered":"Denuncia de Bruno Quagliardi Bozzolani"},"content":{"rendered":"\n<p>El empleado municipal Bruno Agust\u00edn Quagliardi Bozzolani hizo p\u00fablica en sus redes sociales una reuni\u00f3n que mantuvo con la vicepresidenta de la Naci\u00f3n, Victoria Villarruel, difundiendo im\u00e1genes del encuentro. Sin embargo, asegura que esta exposici\u00f3n le gener\u00f3 consecuencias en el \u00e1mbito laboral.<\/p>\n\n\n\n<p>\u201cMe veo en la obligaci\u00f3n de hacer p\u00fablica la situaci\u00f3n de persecuci\u00f3n pol\u00edtica y hostigamiento que vengo padeciendo desde hace m\u00e1s de un a\u00f1o y medio, y que hoy se materializa en mi reubicaci\u00f3n arbitraria dentro del municipio\u201d, expres\u00f3.<\/p>\n\n\n\n<p>Quagliardi Bozzolani, quien se desempe\u00f1a como empleado administrativo de planta permanente en la Municipalidad de Col\u00f3n desde 2022, inform\u00f3 que el 11 de septiembre de 2025 recibi\u00f3 en su lugar de trabajo la c\u00e9dula de notificaci\u00f3n y el Decreto N\u00ba 1551\/025, mediante los cuales el Ejecutivo Municipal resolvi\u00f3 su traslado, a partir del 15 de septiembre, a dependencias de la Direcci\u00f3n de Tr\u00e1nsito.<\/p>\n\n\n\n<p>\u201cQue quede claro que no tengo nada contra los compa\u00f1eros trabajadores de dicho sector, pero se aduce como causal \u2018razones de servicio\u2019, sin fundamentaci\u00f3n real ni objetiva, cuando en realidad la medida fue tomada al d\u00eda siguiente de mi aparici\u00f3n p\u00fablica \u2013fuera de mi horario laboral\u2013<\/p>\n","protected":false},"excerpt":{"rendered":"<p>El empleado municipal Bruno Agust\u00edn Quagliardi Bozzolani hizo p\u00fablica en sus redes sociales una reuni\u00f3n que mantuvo con la vicepresidenta de la Naci\u00f3n, Victoria Villarruel, difundiendo im\u00e1genes del encuentro. Sin embargo, asegura&#8230;<\/p>\n","protected":false},"author":1,"featured_media":8304,"comment_status":"open","ping_status":"open","sticky":false,"template":"","format":"standard","meta":{"footnotes":""},"categories":[3],"tags":[],"class_list":["post-8303","post","type-post","status-publish","format-standard","has-post-thumbnail","hentry","category-general"],"_links":{"self":[{"href":"https:\/\/emisoracolon.com.ar\/index.php\/wp-json\/wp\/v2\/posts\/8303","targetHints":{"allow":["GET"]}}],"collection":[{"href":"https:\/\/emisoracolon.com.ar\/index.php\/wp-json\/wp\/v2\/posts"}],"about":[{"href":"https:\/\/emisoracolon.com.ar\/index.php\/wp-json\/wp\/v2\/types\/post"}],"author":[{"embeddable":true,"href":"https:\/\/emisoracolon.com.ar\/index.php\/wp-json\/wp\/v2\/users\/1"}],"replies":[{"embeddable":true,"href":"https:\/\/emisoracolon.com.ar\/index.php\/wp-json\/wp\/v2\/comments?post=8303"}],"version-history":[{"count":1,"href":"https:\/\/emisoracolon.com.ar\/index.php\/wp-json\/wp\/v2\/posts\/8303\/revisions"}],"predecessor-version":[{"id":8305,"href":"https:\/\/emisoracolon.com.ar\/index.php\/wp-json\/wp\/v2\/posts\/8303\/revisions\/8305"}],"wp:featuredmedia":[{"embeddable":true,"href":"https:\/\/emisoracolon.com.ar\/index.php\/wp-json\/wp\/v2\/media\/8304"}],"wp:attachment":[{"href":"https:\/\/emisoracolon.com.ar\/index.php\/wp-json\/wp\/v2\/media?parent=8303"}],"wp:term":[{"taxonomy":"category","embeddable":true,"href":"https:\/\/emisoracolon.com.ar\/index.php\/wp-json\/wp\/v2\/categories?post=8303"},{"taxonomy":"post_tag","embeddable":true,"href":"https:\/\/emisoracolon.com.ar\/index.php\/wp-json\/wp\/v2\/tags?post=8303"}],"curies":[{"name":"wp","href":"https:\/\/api.w.org\/{rel}","templated":true}]}}