{"id":8300,"date":"2025-09-15T16:39:58","date_gmt":"2025-09-15T19:39:58","guid":{"rendered":"https:\/\/emisoracolon.com.ar\/?p=8300"},"modified":"2025-09-15T16:39:58","modified_gmt":"2025-09-15T19:39:58","slug":"nueva-directora-en-el-hospital","status":"publish","type":"post","link":"https:\/\/emisoracolon.com.ar\/index.php\/2025\/09\/15\/nueva-directora-en-el-hospital\/","title":{"rendered":"Nueva directora en el Hospital"},"content":{"rendered":"\n<p>Hoy a las 12:30 asume la nueva directora del Hospital Municipal. Tomo estado p\u00fablico que se esperaban cambios en la conducci\u00f3n del Hospital Municipal. De acuerdo a lo trascendido, se mencionaba que dejaba el cargo de director, Dar\u00edo Tabacco, quien ser\u00eda reemplazado por una profesional m\u00e9dica proveniente de Arrecifes.<\/p>\n\n\n\n<p>Si bien se menciona tambi\u00e9n el acompa\u00f1amiento de una profesional local, en las redes vecinos relacionados con el lugar hacen p\u00fablico sus deseos que el Hospital tenga una conducci\u00f3n local.<\/p>\n\n\n\n<p>Mas all\u00e1 de la importancia o no de lo requerido por algunos vecinos, es noticia que habr\u00e1 un cambio en la direcci\u00f3n del Hospital y eso se concreta en horas del mediod\u00eda.<\/p>\n","protected":false},"excerpt":{"rendered":"<p>Hoy a las 12:30 asume la nueva directora del Hospital Municipal. Tomo estado p\u00fablico que se esperaban cambios en la conducci\u00f3n del Hospital Municipal. De acuerdo a lo trascendido, se mencionaba que&#8230;<\/p>\n","protected":false},"author":1,"featured_media":8301,"comment_status":"open","ping_status":"open","sticky":false,"template":"","format":"standard","meta":{"footnotes":""},"categories":[3],"tags":[],"class_list":["post-8300","post","type-post","status-publish","format-standard","has-post-thumbnail","hentry","category-general"],"_links":{"self":[{"href":"https:\/\/emisoracolon.com.ar\/index.php\/wp-json\/wp\/v2\/posts\/8300","targetHints":{"allow":["GET"]}}],"collection":[{"href":"https:\/\/emisoracolon.com.ar\/index.php\/wp-json\/wp\/v2\/posts"}],"about":[{"href":"https:\/\/emisoracolon.com.ar\/index.php\/wp-json\/wp\/v2\/types\/post"}],"author":[{"embeddable":true,"href":"https:\/\/emisoracolon.com.ar\/index.php\/wp-json\/wp\/v2\/users\/1"}],"replies":[{"embeddable":true,"href":"https:\/\/emisoracolon.com.ar\/index.php\/wp-json\/wp\/v2\/comments?post=8300"}],"version-history":[{"count":1,"href":"https:\/\/emisoracolon.com.ar\/index.php\/wp-json\/wp\/v2\/posts\/8300\/revisions"}],"predecessor-version":[{"id":8302,"href":"https:\/\/emisoracolon.com.ar\/index.php\/wp-json\/wp\/v2\/posts\/8300\/revisions\/8302"}],"wp:featuredmedia":[{"embeddable":true,"href":"https:\/\/emisoracolon.com.ar\/index.php\/wp-json\/wp\/v2\/media\/8301"}],"wp:attachment":[{"href":"https:\/\/emisoracolon.com.ar\/index.php\/wp-json\/wp\/v2\/media?parent=8300"}],"wp:term":[{"taxonomy":"category","embeddable":true,"href":"https:\/\/emisoracolon.com.ar\/index.php\/wp-json\/wp\/v2\/categories?post=8300"},{"taxonomy":"post_tag","embeddable":true,"href":"https:\/\/emisoracolon.com.ar\/index.php\/wp-json\/wp\/v2\/tags?post=8300"}],"curies":[{"name":"wp","href":"https:\/\/api.w.org\/{rel}","templated":true}]}}