{"id":8297,"date":"2025-09-15T16:38:05","date_gmt":"2025-09-15T19:38:05","guid":{"rendered":"https:\/\/emisoracolon.com.ar\/?p=8297"},"modified":"2025-09-15T16:38:05","modified_gmt":"2025-09-15T19:38:05","slug":"incendios-intencionales-en-el-basural","status":"publish","type":"post","link":"https:\/\/emisoracolon.com.ar\/index.php\/2025\/09\/15\/incendios-intencionales-en-el-basural\/","title":{"rendered":"Incendios intencionales en el basural"},"content":{"rendered":"\n<p>En las \u00faltimas horas, el basural municipal volvi\u00f3 a ser foco de incendios, los cuales, seg\u00fan inform\u00f3 la Municipalidad, fueron provocados de manera intencional. La quema de cables y elementos pl\u00e1sticos habr\u00eda originado las llamas.<\/p>\n\n\n\n<p>Desde hace varios d\u00edas, personal municipal trabaja intensamente para controlar el fuego, aunque, por el volumen de llamas y humo, la tarea se torna compleja en determinados momentos.<\/p>\n\n\n\n<p>\u201cQueremos llevar tranquilidad a la comunidad, ya que la situaci\u00f3n se encuentra controlada. De todos modos, pedimos especial precauci\u00f3n a quienes circulen por la ruta, sobre todo si el viento sopla hacia el sur, ya que puede reducir la visibilidad\u201d, se\u00f1ala el comunicado.<\/p>\n\n\n\n<p>Asimismo, se inform\u00f3 que la Guardia Urbana Municipal permanece en el predio con el objetivo de evitar el ingreso de personas.<\/p>\n\n\n\n<p>La Municipalidad expres\u00f3 adem\u00e1s que es consciente de la problem\u00e1tica y que est\u00e1 gestionando con firmeza un plan integral de tratamiento de residuos s\u00f3lidos urbanos m\u00e1s eficiente. \u201cLa realidad actual nos exige acelerar estas gestiones y consolidar los proyectos que venimos trabajando desde el inicio de nuestra gesti\u00f3n, en diciembre de 2023\u201d, concluye la informaci\u00f3n oficial.<\/p>\n","protected":false},"excerpt":{"rendered":"<p>En las \u00faltimas horas, el basural municipal volvi\u00f3 a ser foco de incendios, los cuales, seg\u00fan inform\u00f3 la Municipalidad, fueron provocados de manera intencional. La quema de cables y elementos pl\u00e1sticos habr\u00eda&#8230;<\/p>\n","protected":false},"author":1,"featured_media":1111,"comment_status":"open","ping_status":"open","sticky":false,"template":"","format":"standard","meta":{"footnotes":""},"categories":[3],"tags":[],"class_list":["post-8297","post","type-post","status-publish","format-standard","has-post-thumbnail","hentry","category-general"],"_links":{"self":[{"href":"https:\/\/emisoracolon.com.ar\/index.php\/wp-json\/wp\/v2\/posts\/8297","targetHints":{"allow":["GET"]}}],"collection":[{"href":"https:\/\/emisoracolon.com.ar\/index.php\/wp-json\/wp\/v2\/posts"}],"about":[{"href":"https:\/\/emisoracolon.com.ar\/index.php\/wp-json\/wp\/v2\/types\/post"}],"author":[{"embeddable":true,"href":"https:\/\/emisoracolon.com.ar\/index.php\/wp-json\/wp\/v2\/users\/1"}],"replies":[{"embeddable":true,"href":"https:\/\/emisoracolon.com.ar\/index.php\/wp-json\/wp\/v2\/comments?post=8297"}],"version-history":[{"count":1,"href":"https:\/\/emisoracolon.com.ar\/index.php\/wp-json\/wp\/v2\/posts\/8297\/revisions"}],"predecessor-version":[{"id":8298,"href":"https:\/\/emisoracolon.com.ar\/index.php\/wp-json\/wp\/v2\/posts\/8297\/revisions\/8298"}],"wp:featuredmedia":[{"embeddable":true,"href":"https:\/\/emisoracolon.com.ar\/index.php\/wp-json\/wp\/v2\/media\/1111"}],"wp:attachment":[{"href":"https:\/\/emisoracolon.com.ar\/index.php\/wp-json\/wp\/v2\/media?parent=8297"}],"wp:term":[{"taxonomy":"category","embeddable":true,"href":"https:\/\/emisoracolon.com.ar\/index.php\/wp-json\/wp\/v2\/categories?post=8297"},{"taxonomy":"post_tag","embeddable":true,"href":"https:\/\/emisoracolon.com.ar\/index.php\/wp-json\/wp\/v2\/tags?post=8297"}],"curies":[{"name":"wp","href":"https:\/\/api.w.org\/{rel}","templated":true}]}}