{"id":8294,"date":"2025-09-15T16:36:35","date_gmt":"2025-09-15T19:36:35","guid":{"rendered":"https:\/\/emisoracolon.com.ar\/?p=8294"},"modified":"2025-09-15T16:37:19","modified_gmt":"2025-09-15T19:37:19","slug":"la-pareja-campeona-del-mundo-bailo-en-colon","status":"publish","type":"post","link":"https:\/\/emisoracolon.com.ar\/index.php\/2025\/09\/15\/la-pareja-campeona-del-mundo-bailo-en-colon\/","title":{"rendered":"La pareja campeona del Mundo bail\u00f3 en Col\u00f3n"},"content":{"rendered":"\n<p>La pareja campeona del mundo de tango, integrada por Aldana Silveyra y Diego Ortega, fue homenajeada ayer por la tarde en nuestra ciudad.<\/p>\n\n\n\n<p>Tal como se hab\u00eda anunciado, los ganadores de la competencia de baile m\u00e1s importante del mundo se presentaron en la Glorieta del Tango, ubicada en calles 49 y 16, donde un numeroso p\u00fablico los recibi\u00f3 con entusiasmo. La presencia del colonense Diego Ortega, por sus ra\u00edces locales, despert\u00f3 una emoci\u00f3n especial entre los asistentes.<\/p>\n\n\n\n<p>El momento m\u00e1s esperado lleg\u00f3 sobre el final, cuando los destacados bailarines ofrecieron una demostraci\u00f3n de su talento que deslumbr\u00f3 a todos los presentes.<\/p>\n\n\n\n<p>La tarde primaveral acompa\u00f1\u00f3 la jornada, que se extendi\u00f3 hasta entrada la noche con la participaci\u00f3n de bailarines locales y de la regi\u00f3n, quienes tambi\u00e9n disfrutaron de la pista de la Glorieta.<\/p>\n\n\n\n<p><strong>15\/09\/25 La Municipalidad se sum\u00f3 a la fiesta en la Glorieta<\/strong><\/p>\n\n\n\n<p>A la gran fiesta del tango se sum\u00f3 la Municipalidad. Informaron que compartieron \u201duna hermosa tarde de domingo en la Glorieta de Plaza San Mart\u00edn junto a&nbsp;Aldana Silveyra, de Monte Grande, y Diego Ortega, de Col\u00f3n, flamantes&nbsp;Campeones Mundiales de Tango Pista, a quienes deseamos felicitar nuevamente por este logro hist\u00f3rico\u201d.<\/p>\n\n\n\n<p>Se consagraron en el Mundial de Tango realizado en el Teatro Gran Rex, el evento m\u00e1s prestigioso del planeta en materia de danza de este estilo. \u201cSon un orgullo enorme para todos los colonenses\u201d.<\/p>\n\n\n\n<p>Luego de se\u00f1alar que muchos vecinos y vecinas se acercaron para celebrar con ellos este triunfo tan importante y tambi\u00e9n para disfrutar de verlos bailar, dicen \u201cestos momentos nos llenan de energ\u00eda y nos recuerdan que, con esfuerzo y pasi\u00f3n, todo se puede lograr. \u00a1Felicitaciones Aldana y Diego!\u201d<\/p>\n","protected":false},"excerpt":{"rendered":"<p>La pareja campeona del mundo de tango, integrada por Aldana Silveyra y Diego Ortega, fue homenajeada ayer por la tarde en nuestra ciudad. Tal como se hab\u00eda anunciado, los ganadores de la&#8230;<\/p>\n","protected":false},"author":1,"featured_media":8151,"comment_status":"open","ping_status":"open","sticky":false,"template":"","format":"standard","meta":{"footnotes":""},"categories":[7,3],"tags":[],"class_list":["post-8294","post","type-post","status-publish","format-standard","has-post-thumbnail","hentry","category-cultura","category-general"],"_links":{"self":[{"href":"https:\/\/emisoracolon.com.ar\/index.php\/wp-json\/wp\/v2\/posts\/8294","targetHints":{"allow":["GET"]}}],"collection":[{"href":"https:\/\/emisoracolon.com.ar\/index.php\/wp-json\/wp\/v2\/posts"}],"about":[{"href":"https:\/\/emisoracolon.com.ar\/index.php\/wp-json\/wp\/v2\/types\/post"}],"author":[{"embeddable":true,"href":"https:\/\/emisoracolon.com.ar\/index.php\/wp-json\/wp\/v2\/users\/1"}],"replies":[{"embeddable":true,"href":"https:\/\/emisoracolon.com.ar\/index.php\/wp-json\/wp\/v2\/comments?post=8294"}],"version-history":[{"count":2,"href":"https:\/\/emisoracolon.com.ar\/index.php\/wp-json\/wp\/v2\/posts\/8294\/revisions"}],"predecessor-version":[{"id":8296,"href":"https:\/\/emisoracolon.com.ar\/index.php\/wp-json\/wp\/v2\/posts\/8294\/revisions\/8296"}],"wp:featuredmedia":[{"embeddable":true,"href":"https:\/\/emisoracolon.com.ar\/index.php\/wp-json\/wp\/v2\/media\/8151"}],"wp:attachment":[{"href":"https:\/\/emisoracolon.com.ar\/index.php\/wp-json\/wp\/v2\/media?parent=8294"}],"wp:term":[{"taxonomy":"category","embeddable":true,"href":"https:\/\/emisoracolon.com.ar\/index.php\/wp-json\/wp\/v2\/categories?post=8294"},{"taxonomy":"post_tag","embeddable":true,"href":"https:\/\/emisoracolon.com.ar\/index.php\/wp-json\/wp\/v2\/tags?post=8294"}],"curies":[{"name":"wp","href":"https:\/\/api.w.org\/{rel}","templated":true}]}}