{"id":8289,"date":"2025-09-11T16:35:51","date_gmt":"2025-09-11T19:35:51","guid":{"rendered":"https:\/\/emisoracolon.com.ar\/?p=8289"},"modified":"2025-09-11T16:35:51","modified_gmt":"2025-09-11T19:35:51","slug":"para-organizar-defensa-civil","status":"publish","type":"post","link":"https:\/\/emisoracolon.com.ar\/index.php\/2025\/09\/11\/para-organizar-defensa-civil\/","title":{"rendered":"Para organizar Defensa Civil"},"content":{"rendered":"\n<p>Ma\u00f1ana 12 de septiembre, de 10:00 a 13:00, se llevar\u00e1 a cabo en el Polo Cultural (calle 11 y 42) el Taller de Organizaci\u00f3n Municipal de Defensa Civil, dirigido al Sistema de Emergencias Municipal.<\/p>\n\n\n\n<p>La capacitaci\u00f3n es impulsada por la Subsecretar\u00eda de Emergencias de la Provincia de Buenos Aires, a trav\u00e9s de la Direcci\u00f3n Provincial de Defensa Civil del Ministerio de Seguridad, y tiene como objetivo fortalecer los mecanismos de preparaci\u00f3n, respuesta y articulaci\u00f3n ante situaciones de emergencia en el \u00e1mbito local.<\/p>\n","protected":false},"excerpt":{"rendered":"<p>Ma\u00f1ana 12 de septiembre, de 10:00 a 13:00, se llevar\u00e1 a cabo en el Polo Cultural (calle 11 y 42) el Taller de Organizaci\u00f3n Municipal de Defensa Civil, dirigido al Sistema de&#8230;<\/p>\n","protected":false},"author":1,"featured_media":8290,"comment_status":"open","ping_status":"open","sticky":false,"template":"","format":"standard","meta":{"footnotes":""},"categories":[3],"tags":[],"class_list":["post-8289","post","type-post","status-publish","format-standard","has-post-thumbnail","hentry","category-general"],"_links":{"self":[{"href":"https:\/\/emisoracolon.com.ar\/index.php\/wp-json\/wp\/v2\/posts\/8289","targetHints":{"allow":["GET"]}}],"collection":[{"href":"https:\/\/emisoracolon.com.ar\/index.php\/wp-json\/wp\/v2\/posts"}],"about":[{"href":"https:\/\/emisoracolon.com.ar\/index.php\/wp-json\/wp\/v2\/types\/post"}],"author":[{"embeddable":true,"href":"https:\/\/emisoracolon.com.ar\/index.php\/wp-json\/wp\/v2\/users\/1"}],"replies":[{"embeddable":true,"href":"https:\/\/emisoracolon.com.ar\/index.php\/wp-json\/wp\/v2\/comments?post=8289"}],"version-history":[{"count":1,"href":"https:\/\/emisoracolon.com.ar\/index.php\/wp-json\/wp\/v2\/posts\/8289\/revisions"}],"predecessor-version":[{"id":8291,"href":"https:\/\/emisoracolon.com.ar\/index.php\/wp-json\/wp\/v2\/posts\/8289\/revisions\/8291"}],"wp:featuredmedia":[{"embeddable":true,"href":"https:\/\/emisoracolon.com.ar\/index.php\/wp-json\/wp\/v2\/media\/8290"}],"wp:attachment":[{"href":"https:\/\/emisoracolon.com.ar\/index.php\/wp-json\/wp\/v2\/media?parent=8289"}],"wp:term":[{"taxonomy":"category","embeddable":true,"href":"https:\/\/emisoracolon.com.ar\/index.php\/wp-json\/wp\/v2\/categories?post=8289"},{"taxonomy":"post_tag","embeddable":true,"href":"https:\/\/emisoracolon.com.ar\/index.php\/wp-json\/wp\/v2\/tags?post=8289"}],"curies":[{"name":"wp","href":"https:\/\/api.w.org\/{rel}","templated":true}]}}