{"id":8286,"date":"2025-09-11T16:32:25","date_gmt":"2025-09-11T19:32:25","guid":{"rendered":"https:\/\/emisoracolon.com.ar\/?p=8286"},"modified":"2025-09-11T16:32:25","modified_gmt":"2025-09-11T19:32:25","slug":"cine-debate-sobre-prevencion-de-autolesiones-y-suicidio","status":"publish","type":"post","link":"https:\/\/emisoracolon.com.ar\/index.php\/2025\/09\/11\/cine-debate-sobre-prevencion-de-autolesiones-y-suicidio\/","title":{"rendered":"Cine debate sobre prevenci\u00f3n de autolesiones y suicidio"},"content":{"rendered":"\n<p>Se desarroll\u00f3 en el Polo Educativo una actividad sobre prevenci\u00f3n del suicidio organizada por la Direcci\u00f3n de Salud Mental y el Centro Comunitario de Salud Mental y Consumos Problem\u00e1ticos.<\/p>\n\n\n\n<p>Se proyectaron algunos videos y se trabaj\u00f3 sobre ciertas frases que escuchamos frecuentemente con el objetivo de pensar en pr\u00e1cticas de cuidados colectivas que puedan mejorar el bienestar de las personas.<\/p>\n\n\n\n<p>Desde la Municipalidad agradecen a los participantes por la predisposici\u00f3n y el intercambio. Hablar sobre suicidio es prevenir. Desactivemos el silencio.<\/p>\n\n\n\n<p>Hablemos de lo que nos pasa<\/p>\n","protected":false},"excerpt":{"rendered":"<p>Se desarroll\u00f3 en el Polo Educativo una actividad sobre prevenci\u00f3n del suicidio organizada por la Direcci\u00f3n de Salud Mental y el Centro Comunitario de Salud Mental y Consumos Problem\u00e1ticos. Se proyectaron algunos&#8230;<\/p>\n","protected":false},"author":1,"featured_media":8287,"comment_status":"open","ping_status":"open","sticky":false,"template":"","format":"standard","meta":{"footnotes":""},"categories":[3],"tags":[],"class_list":["post-8286","post","type-post","status-publish","format-standard","has-post-thumbnail","hentry","category-general"],"_links":{"self":[{"href":"https:\/\/emisoracolon.com.ar\/index.php\/wp-json\/wp\/v2\/posts\/8286","targetHints":{"allow":["GET"]}}],"collection":[{"href":"https:\/\/emisoracolon.com.ar\/index.php\/wp-json\/wp\/v2\/posts"}],"about":[{"href":"https:\/\/emisoracolon.com.ar\/index.php\/wp-json\/wp\/v2\/types\/post"}],"author":[{"embeddable":true,"href":"https:\/\/emisoracolon.com.ar\/index.php\/wp-json\/wp\/v2\/users\/1"}],"replies":[{"embeddable":true,"href":"https:\/\/emisoracolon.com.ar\/index.php\/wp-json\/wp\/v2\/comments?post=8286"}],"version-history":[{"count":1,"href":"https:\/\/emisoracolon.com.ar\/index.php\/wp-json\/wp\/v2\/posts\/8286\/revisions"}],"predecessor-version":[{"id":8288,"href":"https:\/\/emisoracolon.com.ar\/index.php\/wp-json\/wp\/v2\/posts\/8286\/revisions\/8288"}],"wp:featuredmedia":[{"embeddable":true,"href":"https:\/\/emisoracolon.com.ar\/index.php\/wp-json\/wp\/v2\/media\/8287"}],"wp:attachment":[{"href":"https:\/\/emisoracolon.com.ar\/index.php\/wp-json\/wp\/v2\/media?parent=8286"}],"wp:term":[{"taxonomy":"category","embeddable":true,"href":"https:\/\/emisoracolon.com.ar\/index.php\/wp-json\/wp\/v2\/categories?post=8286"},{"taxonomy":"post_tag","embeddable":true,"href":"https:\/\/emisoracolon.com.ar\/index.php\/wp-json\/wp\/v2\/tags?post=8286"}],"curies":[{"name":"wp","href":"https:\/\/api.w.org\/{rel}","templated":true}]}}