{"id":8283,"date":"2025-09-11T16:27:35","date_gmt":"2025-09-11T19:27:35","guid":{"rendered":"https:\/\/emisoracolon.com.ar\/?p=8283"},"modified":"2025-09-11T16:36:24","modified_gmt":"2025-09-11T19:36:24","slug":"dia-de-la-primavera","status":"publish","type":"post","link":"https:\/\/emisoracolon.com.ar\/index.php\/2025\/09\/11\/dia-de-la-primavera\/","title":{"rendered":"D\u00eda de la Primavera"},"content":{"rendered":"\n<p>El pr\u00f3ximo s\u00e1bado 20 de septiembre est\u00e1 previsto recibir anticipadamente la primavera y festejar el D\u00eda del Estudiante con una gran fiesta en Bv 17 de 47 a 49.<\/p>\n\n\n\n<p>Habr\u00e1 m\u00fasica en vivo, artes pl\u00e1sticas y puestos con emprendedores. Comienza a las 18 horas.<\/p>\n\n\n\n<p>Emprendedor\/ra que quieran participar de la fiesta, debe concurrir a la Direcci\u00f3n de Producci\u00f3n y Empleo (49 y 16) de 8:00 a 13:00 el 18\/9. Consultas: 423337.<\/p>\n","protected":false},"excerpt":{"rendered":"<p>El pr\u00f3ximo s\u00e1bado 20 de septiembre est\u00e1 previsto recibir anticipadamente la primavera y festejar el D\u00eda del Estudiante con una gran fiesta en Bv 17 de 47 a 49. Habr\u00e1 m\u00fasica en&#8230;<\/p>\n","protected":false},"author":1,"featured_media":8293,"comment_status":"open","ping_status":"open","sticky":false,"template":"","format":"standard","meta":{"footnotes":""},"categories":[3],"tags":[],"class_list":["post-8283","post","type-post","status-publish","format-standard","has-post-thumbnail","hentry","category-general"],"_links":{"self":[{"href":"https:\/\/emisoracolon.com.ar\/index.php\/wp-json\/wp\/v2\/posts\/8283","targetHints":{"allow":["GET"]}}],"collection":[{"href":"https:\/\/emisoracolon.com.ar\/index.php\/wp-json\/wp\/v2\/posts"}],"about":[{"href":"https:\/\/emisoracolon.com.ar\/index.php\/wp-json\/wp\/v2\/types\/post"}],"author":[{"embeddable":true,"href":"https:\/\/emisoracolon.com.ar\/index.php\/wp-json\/wp\/v2\/users\/1"}],"replies":[{"embeddable":true,"href":"https:\/\/emisoracolon.com.ar\/index.php\/wp-json\/wp\/v2\/comments?post=8283"}],"version-history":[{"count":1,"href":"https:\/\/emisoracolon.com.ar\/index.php\/wp-json\/wp\/v2\/posts\/8283\/revisions"}],"predecessor-version":[{"id":8285,"href":"https:\/\/emisoracolon.com.ar\/index.php\/wp-json\/wp\/v2\/posts\/8283\/revisions\/8285"}],"wp:featuredmedia":[{"embeddable":true,"href":"https:\/\/emisoracolon.com.ar\/index.php\/wp-json\/wp\/v2\/media\/8293"}],"wp:attachment":[{"href":"https:\/\/emisoracolon.com.ar\/index.php\/wp-json\/wp\/v2\/media?parent=8283"}],"wp:term":[{"taxonomy":"category","embeddable":true,"href":"https:\/\/emisoracolon.com.ar\/index.php\/wp-json\/wp\/v2\/categories?post=8283"},{"taxonomy":"post_tag","embeddable":true,"href":"https:\/\/emisoracolon.com.ar\/index.php\/wp-json\/wp\/v2\/tags?post=8283"}],"curies":[{"name":"wp","href":"https:\/\/api.w.org\/{rel}","templated":true}]}}