{"id":8275,"date":"2025-09-11T16:21:58","date_gmt":"2025-09-11T19:21:58","guid":{"rendered":"https:\/\/emisoracolon.com.ar\/?p=8275"},"modified":"2025-09-11T16:21:58","modified_gmt":"2025-09-11T19:21:58","slug":"pasaron-las-legislativas-nacio-la-17-de-octubre","status":"publish","type":"post","link":"https:\/\/emisoracolon.com.ar\/index.php\/2025\/09\/11\/pasaron-las-legislativas-nacio-la-17-de-octubre\/","title":{"rendered":"Pasaron las legislativas, naci\u00f3 la 17 de Octubre"},"content":{"rendered":"\n<p>Gerardo Soria analiz\u00f3 los comicios y anunci\u00f3 la continuidad del espacio pol\u00edtico pensando en 2027.<\/p>\n\n\n\n<p>Tras las elecciones legislativas del \u00faltimo fin de semana, Gerardo Soria, referente del Frente Patriota Federal en Col\u00f3n, realiz\u00f3 un balance del resultado electoral y adelant\u00f3 que su sector decidi\u00f3 conformar una nueva agrupaci\u00f3n bajo el nombre \u201c17 de Octubre\u201d, con la mirada puesta en las elecciones de 2027.<\/p>\n\n\n\n<p>\u201cEstamos muy conformes, hicimos un an\u00e1lisis concreto de la elecci\u00f3n en Col\u00f3n y el grupo est\u00e1 entusiasmado. La resoluci\u00f3n ya est\u00e1 tomada: vamos a continuar trabajando y seremos competitivos en 2027\u201d, asegur\u00f3.<\/p>\n\n\n\n<p>En su repaso, Soria diferenci\u00f3 el plano provincial del local:<\/p>\n\n\n\n<p>\u2022 Provincia de Buenos Aires: destac\u00f3 el triunfo amplio del peronismo en los grandes cordones del conurbano, donde intendentes superaron el 45% y hasta el 60% de los votos. Atribuy\u00f3 la diferencia al impacto de la pol\u00edtica econ\u00f3mica nacional en la industria.<\/p>\n\n\n\n<p>\u2022 Col\u00f3n: se\u00f1al\u00f3 que el oficialismo local obtuvo un 33%, muy por debajo del promedio provincial, y que el radicalismo \u201cfue el gran derrotado al no poder retener ninguna de las tres bancas que pon\u00eda en juego\u201d.<\/p>\n\n\n\n<p>Respecto a su propia performance, indic\u00f3 que su lista rond\u00f3 el 10-12% y que ese caudal de votos \u201ces mayoritariamente peronista\u201d, lo que permitir\u00e1 proyectar hacia adelante. \u201cEn 2027 puede repetirse un escenario de tres tercios, como ocurri\u00f3 en 2003 y 2007\u201d, anticip\u00f3.<\/p>\n\n\n\n<p>De cara a octubre, Soria estim\u00f3 que el porcentaje del peronismo podr\u00eda fortalecerse con la candidatura de Mario Tallana en Fuerza Patria: \u201cEs un candidato reflexivo, con trayectoria, frente a un rival como Esper que tiene un discurso muy violento. Creo que el voto nuestro mayoritariamente ir\u00e1 a reforzar esa opci\u00f3n\u201d.<\/p>\n\n\n\n<p>En el plano nacional, cuestion\u00f3 la pol\u00edtica econ\u00f3mica del presidente Javier Milei, a quien responsabiliz\u00f3 por la derrota en distritos productivos y por la desvalorizaci\u00f3n de empresas argentinas tras el resultado electoral. \u201cEl Gobierno no tiene mesa pol\u00edtica, necesita retomar el di\u00e1logo con gobernadores, diputados y senadores, porque el modelo actual ya mostr\u00f3 sus l\u00edmites\u201d, subray\u00f3.<\/p>\n\n\n\n<p>Finalmente, Soria agradeci\u00f3 el apoyo recibido en la campa\u00f1a y dej\u00f3 un mensaje a los vecinos: \u201cEl camino est\u00e1 fijado, vamos a seguir trabajando con la vista puesta en 2027. Queremos hacerlo en paz, con democracia, y que todo sea mejor para los argentinos y, en particular, para los colonenses\u201d.<\/p>\n","protected":false},"excerpt":{"rendered":"<p>Gerardo Soria analiz\u00f3 los comicios y anunci\u00f3 la continuidad del espacio pol\u00edtico pensando en 2027. Tras las elecciones legislativas del \u00faltimo fin de semana, Gerardo Soria, referente del Frente Patriota Federal en&#8230;<\/p>\n","protected":false},"author":1,"featured_media":6955,"comment_status":"open","ping_status":"open","sticky":false,"template":"","format":"standard","meta":{"footnotes":""},"categories":[3],"tags":[],"class_list":["post-8275","post","type-post","status-publish","format-standard","has-post-thumbnail","hentry","category-general"],"_links":{"self":[{"href":"https:\/\/emisoracolon.com.ar\/index.php\/wp-json\/wp\/v2\/posts\/8275","targetHints":{"allow":["GET"]}}],"collection":[{"href":"https:\/\/emisoracolon.com.ar\/index.php\/wp-json\/wp\/v2\/posts"}],"about":[{"href":"https:\/\/emisoracolon.com.ar\/index.php\/wp-json\/wp\/v2\/types\/post"}],"author":[{"embeddable":true,"href":"https:\/\/emisoracolon.com.ar\/index.php\/wp-json\/wp\/v2\/users\/1"}],"replies":[{"embeddable":true,"href":"https:\/\/emisoracolon.com.ar\/index.php\/wp-json\/wp\/v2\/comments?post=8275"}],"version-history":[{"count":1,"href":"https:\/\/emisoracolon.com.ar\/index.php\/wp-json\/wp\/v2\/posts\/8275\/revisions"}],"predecessor-version":[{"id":8276,"href":"https:\/\/emisoracolon.com.ar\/index.php\/wp-json\/wp\/v2\/posts\/8275\/revisions\/8276"}],"wp:featuredmedia":[{"embeddable":true,"href":"https:\/\/emisoracolon.com.ar\/index.php\/wp-json\/wp\/v2\/media\/6955"}],"wp:attachment":[{"href":"https:\/\/emisoracolon.com.ar\/index.php\/wp-json\/wp\/v2\/media?parent=8275"}],"wp:term":[{"taxonomy":"category","embeddable":true,"href":"https:\/\/emisoracolon.com.ar\/index.php\/wp-json\/wp\/v2\/categories?post=8275"},{"taxonomy":"post_tag","embeddable":true,"href":"https:\/\/emisoracolon.com.ar\/index.php\/wp-json\/wp\/v2\/tags?post=8275"}],"curies":[{"name":"wp","href":"https:\/\/api.w.org\/{rel}","templated":true}]}}