{"id":8267,"date":"2025-09-10T16:41:33","date_gmt":"2025-09-10T19:41:33","guid":{"rendered":"https:\/\/emisoracolon.com.ar\/?p=8267"},"modified":"2025-09-10T16:41:33","modified_gmt":"2025-09-10T19:41:33","slug":"17-de-septiembre-dia-mundial-de-la-seguridad-del-paciente","status":"publish","type":"post","link":"https:\/\/emisoracolon.com.ar\/index.php\/2025\/09\/10\/17-de-septiembre-dia-mundial-de-la-seguridad-del-paciente\/","title":{"rendered":"&#8211; 17 de septiembre: D\u00eda Mundial de la Seguridad del Paciente"},"content":{"rendered":"\n<p>Cada 17 de septiembre se conmemora el D\u00eda Mundial de la Seguridad del Paciente, instaurado por la Organizaci\u00f3n Mundial de la Salud. En 2025, el lema elegido es: \u201c\u00a1La seguridad del paciente desde el comienzo!\u201d, poniendo el foco en la prevenci\u00f3n de da\u00f1os desde la infancia para asegurar beneficios a lo largo de toda la vida.<\/p>\n\n\n\n<p>El objetivo es empoderar a madres, padres, cuidadores, ni\u00f1as y ni\u00f1os en materia de seguridad del paciente, promoviendo la informaci\u00f3n, la sensibilizaci\u00f3n y la participaci\u00f3n activa en la atenci\u00f3n de la salud.<\/p>\n\n\n\n<p>Para los organizadores, esta fecha resulta muy significativa porque no solo se honra a quienes ya no est\u00e1n, sino que tambi\u00e9n se defiende la vida y la salud como valores fundamentales. Una de las acciones propuestas es que edificios y monumentos se iluminen de color naranja en todo el pa\u00eds como muestra de apoyo.<\/p>\n\n\n\n<p>La lucha por la Ley Nicol\u00e1s<\/p>\n\n\n\n<p>Este 17 de septiembre tendr\u00e1 un valor especial, ya que familiares y referentes del movimiento por la seguridad del paciente impulsar\u00e1n que se trate y apruebe en el Congreso la Ley Nicol\u00e1s, iniciativa de la Dra. Gabriela Covelli, madre de Nicol\u00e1s, un joven que falleci\u00f3 v\u00edctima de mala praxis.<\/p>\n\n\n\n<p>El proyecto busca fortalecer la protecci\u00f3n de los pacientes y prevenir hechos que, seg\u00fan estad\u00edsticas, afectan a 4 de cada 10 personas que acceden a la atenci\u00f3n sanitaria.<\/p>\n\n\n\n<p>En di\u00e1logo con nuestro programa de radio, Gabriela Covelli record\u00f3 la historia de su hijo. Nicol\u00e1s, que viv\u00eda con su familia en Villa Gesell, consult\u00f3 en la Cl\u00ednica Del Bosque de Pinamar por un fuerte dolor de cabeza. El m\u00e9dico de guardia le recet\u00f3 analg\u00e9sicos. Ante la persistencia del dolor, regres\u00f3 a los dos d\u00edas y fue diagnosticado con una contractura en la base del cr\u00e1neo. Poco despu\u00e9s, comenz\u00f3 con fiebre y qued\u00f3 internado. El mismo profesional le indic\u00f3 suero sin medicaci\u00f3n, suponiendo que se trataba de una alergia. En realidad, Nicol\u00e1s padec\u00eda una meningitis bacteriana, que no fue diagnosticada a tiempo y termin\u00f3 cost\u00e1ndole la vida.<\/p>\n\n\n\n<p>Reclamo local<\/p>\n\n\n\n<p>Hasta el momento, no se han obtenido demasiadas respuestas oficiales en el \u00e1mbito municipal para adherir a la campa\u00f1a. Quienes localmente adhieren a los organizadores de la conmemoraci\u00f3n esperan que en alg\u00fan momento el edificio municipal se ilumine de naranja, tal como sucede en el Congreso de la Naci\u00f3n y en otros puntos del pa\u00eds, acompa\u00f1ando as\u00ed una causa que pone en el centro la defensa de los derechos de los pacientes.<\/p>\n","protected":false},"excerpt":{"rendered":"<p>Cada 17 de septiembre se conmemora el D\u00eda Mundial de la Seguridad del Paciente, instaurado por la Organizaci\u00f3n Mundial de la Salud. En 2025, el lema elegido es: \u201c\u00a1La seguridad del paciente&#8230;<\/p>\n","protected":false},"author":1,"featured_media":8268,"comment_status":"open","ping_status":"open","sticky":false,"template":"","format":"standard","meta":{"footnotes":""},"categories":[3],"tags":[],"class_list":["post-8267","post","type-post","status-publish","format-standard","has-post-thumbnail","hentry","category-general"],"_links":{"self":[{"href":"https:\/\/emisoracolon.com.ar\/index.php\/wp-json\/wp\/v2\/posts\/8267","targetHints":{"allow":["GET"]}}],"collection":[{"href":"https:\/\/emisoracolon.com.ar\/index.php\/wp-json\/wp\/v2\/posts"}],"about":[{"href":"https:\/\/emisoracolon.com.ar\/index.php\/wp-json\/wp\/v2\/types\/post"}],"author":[{"embeddable":true,"href":"https:\/\/emisoracolon.com.ar\/index.php\/wp-json\/wp\/v2\/users\/1"}],"replies":[{"embeddable":true,"href":"https:\/\/emisoracolon.com.ar\/index.php\/wp-json\/wp\/v2\/comments?post=8267"}],"version-history":[{"count":1,"href":"https:\/\/emisoracolon.com.ar\/index.php\/wp-json\/wp\/v2\/posts\/8267\/revisions"}],"predecessor-version":[{"id":8269,"href":"https:\/\/emisoracolon.com.ar\/index.php\/wp-json\/wp\/v2\/posts\/8267\/revisions\/8269"}],"wp:featuredmedia":[{"embeddable":true,"href":"https:\/\/emisoracolon.com.ar\/index.php\/wp-json\/wp\/v2\/media\/8268"}],"wp:attachment":[{"href":"https:\/\/emisoracolon.com.ar\/index.php\/wp-json\/wp\/v2\/media?parent=8267"}],"wp:term":[{"taxonomy":"category","embeddable":true,"href":"https:\/\/emisoracolon.com.ar\/index.php\/wp-json\/wp\/v2\/categories?post=8267"},{"taxonomy":"post_tag","embeddable":true,"href":"https:\/\/emisoracolon.com.ar\/index.php\/wp-json\/wp\/v2\/tags?post=8267"}],"curies":[{"name":"wp","href":"https:\/\/api.w.org\/{rel}","templated":true}]}}