{"id":8262,"date":"2025-09-10T16:36:43","date_gmt":"2025-09-10T19:36:43","guid":{"rendered":"https:\/\/emisoracolon.com.ar\/?p=8262"},"modified":"2025-09-10T16:36:43","modified_gmt":"2025-09-10T19:36:43","slug":"estrellas-amarillas-llevo-su-mensaje-de-conciencia-vial-a-carabelas","status":"publish","type":"post","link":"https:\/\/emisoracolon.com.ar\/index.php\/2025\/09\/10\/estrellas-amarillas-llevo-su-mensaje-de-conciencia-vial-a-carabelas\/","title":{"rendered":"Estrellas Amarillas llev\u00f3 su mensaje de conciencia vial a Carabelas"},"content":{"rendered":"\n<p>El Grupo Estrellas Amarillas por la Memoria visit\u00f3 la Escuela Secundaria N\u00b02 de la localidad de Carabelas donde comparti\u00f3 una charla con estudiantes locales. Tambi\u00e9n participaron alumnos de la Escuela Primaria de Carabelas, quienes se sumaron a la jornada.<\/p>\n\n\n\n<p>El objetivo fue brindar un espacio de educaci\u00f3n vial, transmitiendo la importancia de la precauci\u00f3n y el respeto en la conducci\u00f3n de veh\u00edculos. Desde la experiencia personal de sus integrantes, buscaron generar conciencia sobre el valor de la vida y la necesidad de cuidarla en cada decisi\u00f3n al volante.<\/p>\n\n\n\n<p>Tras el encuentro, expresaron sentirse \u201cprofundamente agradecidos por la calidez con la que nos recibieron\u201d. Adem\u00e1s, recibieron un mensaje de reconocimiento de parte de los organizadores:<\/p>\n\n\n\n<p>\u201c\u00a1Gracias Carlos y Eduardo! Gracias por todo lo que hacen, por compartir sus historias, por ayudar a grandes y chicos a tomar conciencia de que con la vida no se juega, ni la propia ni la del pr\u00f3jimo. Es muy importante todo esto que hacen. \u00a1Much\u00edsimas gracias!\u201d.<\/p>\n","protected":false},"excerpt":{"rendered":"<p>El Grupo Estrellas Amarillas por la Memoria visit\u00f3 la Escuela Secundaria N\u00b02 de la localidad de Carabelas donde comparti\u00f3 una charla con estudiantes locales. Tambi\u00e9n participaron alumnos de la Escuela Primaria de&#8230;<\/p>\n","protected":false},"author":1,"featured_media":4501,"comment_status":"open","ping_status":"open","sticky":false,"template":"","format":"standard","meta":{"footnotes":""},"categories":[3],"tags":[],"class_list":["post-8262","post","type-post","status-publish","format-standard","has-post-thumbnail","hentry","category-general"],"_links":{"self":[{"href":"https:\/\/emisoracolon.com.ar\/index.php\/wp-json\/wp\/v2\/posts\/8262","targetHints":{"allow":["GET"]}}],"collection":[{"href":"https:\/\/emisoracolon.com.ar\/index.php\/wp-json\/wp\/v2\/posts"}],"about":[{"href":"https:\/\/emisoracolon.com.ar\/index.php\/wp-json\/wp\/v2\/types\/post"}],"author":[{"embeddable":true,"href":"https:\/\/emisoracolon.com.ar\/index.php\/wp-json\/wp\/v2\/users\/1"}],"replies":[{"embeddable":true,"href":"https:\/\/emisoracolon.com.ar\/index.php\/wp-json\/wp\/v2\/comments?post=8262"}],"version-history":[{"count":1,"href":"https:\/\/emisoracolon.com.ar\/index.php\/wp-json\/wp\/v2\/posts\/8262\/revisions"}],"predecessor-version":[{"id":8263,"href":"https:\/\/emisoracolon.com.ar\/index.php\/wp-json\/wp\/v2\/posts\/8262\/revisions\/8263"}],"wp:featuredmedia":[{"embeddable":true,"href":"https:\/\/emisoracolon.com.ar\/index.php\/wp-json\/wp\/v2\/media\/4501"}],"wp:attachment":[{"href":"https:\/\/emisoracolon.com.ar\/index.php\/wp-json\/wp\/v2\/media?parent=8262"}],"wp:term":[{"taxonomy":"category","embeddable":true,"href":"https:\/\/emisoracolon.com.ar\/index.php\/wp-json\/wp\/v2\/categories?post=8262"},{"taxonomy":"post_tag","embeddable":true,"href":"https:\/\/emisoracolon.com.ar\/index.php\/wp-json\/wp\/v2\/tags?post=8262"}],"curies":[{"name":"wp","href":"https:\/\/api.w.org\/{rel}","templated":true}]}}