{"id":8257,"date":"2025-09-09T16:47:07","date_gmt":"2025-09-09T19:47:07","guid":{"rendered":"https:\/\/emisoracolon.com.ar\/?p=8257"},"modified":"2025-09-09T16:47:07","modified_gmt":"2025-09-09T19:47:07","slug":"los-pollos-de-san-jose","status":"publish","type":"post","link":"https:\/\/emisoracolon.com.ar\/index.php\/2025\/09\/09\/los-pollos-de-san-jose\/","title":{"rendered":"Los pollos de San Jos\u00e9"},"content":{"rendered":"\n<p>Dicen que los mejores pollos asados son los de la Parroquia San Jos\u00e9. Una buena oportunidad para saber si es as\u00ed la tendr\u00e1n este fin de semana. El domingo 14 los venden en horas del mediod\u00eda. Su costo con ensalada incluida es de 20 mil pesos. Deben encargarlo llamando al 460007<\/p>\n","protected":false},"excerpt":{"rendered":"<p>Dicen que los mejores pollos asados son los de la Parroquia San Jos\u00e9. Una buena oportunidad para saber si es as\u00ed la tendr\u00e1n este fin de semana. El domingo 14 los venden&#8230;<\/p>\n","protected":false},"author":1,"featured_media":8258,"comment_status":"open","ping_status":"open","sticky":false,"template":"","format":"standard","meta":{"footnotes":""},"categories":[3],"tags":[],"class_list":["post-8257","post","type-post","status-publish","format-standard","has-post-thumbnail","hentry","category-general"],"_links":{"self":[{"href":"https:\/\/emisoracolon.com.ar\/index.php\/wp-json\/wp\/v2\/posts\/8257","targetHints":{"allow":["GET"]}}],"collection":[{"href":"https:\/\/emisoracolon.com.ar\/index.php\/wp-json\/wp\/v2\/posts"}],"about":[{"href":"https:\/\/emisoracolon.com.ar\/index.php\/wp-json\/wp\/v2\/types\/post"}],"author":[{"embeddable":true,"href":"https:\/\/emisoracolon.com.ar\/index.php\/wp-json\/wp\/v2\/users\/1"}],"replies":[{"embeddable":true,"href":"https:\/\/emisoracolon.com.ar\/index.php\/wp-json\/wp\/v2\/comments?post=8257"}],"version-history":[{"count":1,"href":"https:\/\/emisoracolon.com.ar\/index.php\/wp-json\/wp\/v2\/posts\/8257\/revisions"}],"predecessor-version":[{"id":8259,"href":"https:\/\/emisoracolon.com.ar\/index.php\/wp-json\/wp\/v2\/posts\/8257\/revisions\/8259"}],"wp:featuredmedia":[{"embeddable":true,"href":"https:\/\/emisoracolon.com.ar\/index.php\/wp-json\/wp\/v2\/media\/8258"}],"wp:attachment":[{"href":"https:\/\/emisoracolon.com.ar\/index.php\/wp-json\/wp\/v2\/media?parent=8257"}],"wp:term":[{"taxonomy":"category","embeddable":true,"href":"https:\/\/emisoracolon.com.ar\/index.php\/wp-json\/wp\/v2\/categories?post=8257"},{"taxonomy":"post_tag","embeddable":true,"href":"https:\/\/emisoracolon.com.ar\/index.php\/wp-json\/wp\/v2\/tags?post=8257"}],"curies":[{"name":"wp","href":"https:\/\/api.w.org\/{rel}","templated":true}]}}