{"id":8234,"date":"2025-09-08T16:48:16","date_gmt":"2025-09-08T19:48:16","guid":{"rendered":"https:\/\/emisoracolon.com.ar\/?p=8234"},"modified":"2025-09-08T16:48:16","modified_gmt":"2025-09-08T19:48:16","slug":"asueto-el-24-de-setiembre","status":"publish","type":"post","link":"https:\/\/emisoracolon.com.ar\/index.php\/2025\/09\/08\/asueto-el-24-de-setiembre\/","title":{"rendered":"Asueto el 24 de setiembre."},"content":{"rendered":"\n<p>El martes 24 de septiembre ser\u00e1 d\u00eda no laborable en el Partido de Col\u00f3n, en el marco de las Fiestas Patronales. La medida alcanza a la Administraci\u00f3n P\u00fablica y al Banco Provincia, y ser\u00e1 optativa para la industria, comercio y dem\u00e1s actividades. Col\u00f3n tiene una fecha para elegir, el D\u00eda de la Patrona o bien el aniversario de la creaci\u00f3n del Partido.<\/p>\n","protected":false},"excerpt":{"rendered":"<p>El martes 24 de septiembre ser\u00e1 d\u00eda no laborable en el Partido de Col\u00f3n, en el marco de las Fiestas Patronales. La medida alcanza a la Administraci\u00f3n P\u00fablica y al Banco Provincia,&#8230;<\/p>\n","protected":false},"author":1,"featured_media":8235,"comment_status":"open","ping_status":"open","sticky":false,"template":"","format":"standard","meta":{"footnotes":""},"categories":[3],"tags":[],"class_list":["post-8234","post","type-post","status-publish","format-standard","has-post-thumbnail","hentry","category-general"],"_links":{"self":[{"href":"https:\/\/emisoracolon.com.ar\/index.php\/wp-json\/wp\/v2\/posts\/8234","targetHints":{"allow":["GET"]}}],"collection":[{"href":"https:\/\/emisoracolon.com.ar\/index.php\/wp-json\/wp\/v2\/posts"}],"about":[{"href":"https:\/\/emisoracolon.com.ar\/index.php\/wp-json\/wp\/v2\/types\/post"}],"author":[{"embeddable":true,"href":"https:\/\/emisoracolon.com.ar\/index.php\/wp-json\/wp\/v2\/users\/1"}],"replies":[{"embeddable":true,"href":"https:\/\/emisoracolon.com.ar\/index.php\/wp-json\/wp\/v2\/comments?post=8234"}],"version-history":[{"count":1,"href":"https:\/\/emisoracolon.com.ar\/index.php\/wp-json\/wp\/v2\/posts\/8234\/revisions"}],"predecessor-version":[{"id":8236,"href":"https:\/\/emisoracolon.com.ar\/index.php\/wp-json\/wp\/v2\/posts\/8234\/revisions\/8236"}],"wp:featuredmedia":[{"embeddable":true,"href":"https:\/\/emisoracolon.com.ar\/index.php\/wp-json\/wp\/v2\/media\/8235"}],"wp:attachment":[{"href":"https:\/\/emisoracolon.com.ar\/index.php\/wp-json\/wp\/v2\/media?parent=8234"}],"wp:term":[{"taxonomy":"category","embeddable":true,"href":"https:\/\/emisoracolon.com.ar\/index.php\/wp-json\/wp\/v2\/categories?post=8234"},{"taxonomy":"post_tag","embeddable":true,"href":"https:\/\/emisoracolon.com.ar\/index.php\/wp-json\/wp\/v2\/tags?post=8234"}],"curies":[{"name":"wp","href":"https:\/\/api.w.org\/{rel}","templated":true}]}}