{"id":8232,"date":"2025-09-08T16:47:15","date_gmt":"2025-09-08T19:47:15","guid":{"rendered":"https:\/\/emisoracolon.com.ar\/?p=8232"},"modified":"2025-09-08T16:47:15","modified_gmt":"2025-09-08T19:47:15","slug":"mas-oficialismo-en-el-concejo-deliberante","status":"publish","type":"post","link":"https:\/\/emisoracolon.com.ar\/index.php\/2025\/09\/08\/mas-oficialismo-en-el-concejo-deliberante\/","title":{"rendered":"Ma\u015b oficialismo en el Concejo Deliberante"},"content":{"rendered":"\n<p>El Concejo Deliberante se llen\u00f3 de representantes de Fuerza Patria, reforzando la mayor\u00eda que ya ten\u00eda el oficialismo local. En total, ingresan cinco ediles al bloque de Waldemar Giordano, mientras que la ciudad contar\u00e1 por primera vez con un bloque libertario, encabezado por Marcelo Montagna.<\/p>\n\n\n\n<p>Los nuevos concejales son:<\/p>\n\n\n\n<p>\u2022 Fuerza Patria: Nahuel Desimone, Brenda Sarmoria, Nicol\u00e1s Luj\u00e1n, Martina Arancibia y Mat\u00edas C\u00e1nepa.<\/p>\n\n\n\n<p>\u2022 La Libertad Avanza: Marcelo Montagna y Letizia Demar\u00eda.<\/p>\n\n\n\n<p>El reparto de bancas se realiz\u00f3 mediante el sistema bonaerense conocido como \u201cCociente Hare\u201d, cuestionado sobre todo por los partidos m\u00e1s peque\u00f1os, y por la forma en que distribuye las bancas sobrantes, llamadas en la jerga electoral \u201cresiduales\u201d.<\/p>\n\n\n\n<p>El Cociente Hare surge de dividir los votos positivos (sin contar blancos ni nulos) por el n\u00famero de bancas a elegir. Para calcular el piso necesario que debe superar cada partido, ese cociente se divide luego por el total de votos (incluidos blancos y nulos). En la elecci\u00f3n de ayer, el piso fue de poco menos de 2.000 votos.<\/p>\n\n\n\n<p>Con m\u00e1s de 4.000 votos, Fuerza Patria consigui\u00f3 dos concejales de arranque, y los libertarios uno. Al continuar el reparto, Fuerza Patria alcanz\u00f3 3, los libertarios 2, y al no quedar restos para otras fuerzas, los dos cargos sobrantes se adjudicaron al ganador.<\/p>\n\n\n\n<p>De esta manera, el resultado final fue:<\/p>\n\n\n\n<p>\u2022 Fuerza Patria: 5 concejales.<\/p>\n\n\n\n<p>\u2022 La Libertad Avanza: 2 concejales.<\/p>\n\n\n\n<p>Cabe recordar que, en el caso del bloque Uni\u00f3n por la Patria, finalizan su mandato los concejales Roc\u00edo Mart\u00ednez, Gonzalo Giuli y Silvana Desimone, \u00e9sta \u00faltima completa su segundo per\u00edodo consecutivo.<\/p>\n\n\n\n<p>Por el lado de Juntos por el Cambio, concluyen sus funciones Claudia Necco, tambi\u00e9n con dos mandatos cumplidos, Guillermo Alonso y Julio \u00c1lvarez.<\/p>\n\n\n\n<p>Adem\u00e1s, se suma la concejala Alicia Franco, quien ingres\u00f3 en 2021 por la alianza de Juntos por el Cambio pero luego rompi\u00f3 con el bloque original y conform\u00f3 su propio espacio bajo el nombre Primero Col\u00f3n. Franco tambi\u00e9n finaliza su mandato este a\u00f1o.<\/p>\n\n\n\n<p><strong>08\/09\/25 &#8211; Gan\u00f3 la inasistencia<\/strong><\/p>\n\n\n\n<p>El 61,8% del padr\u00f3n concurri\u00f3 a las urnas. Aunque la cifra es baja en comparaci\u00f3n con lo habitual, el dato saliente es que la porci\u00f3n de ciudadanos que no fue a votar super\u00f3 a cualquiera de las fuerzas pol\u00edticas en competencia. De todos modos, la participaci\u00f3n estuvo por encima de lo que se proyectaba: se esperaba apenas un poco m\u00e1s del 50%.<\/p>\n\n\n\n<p>La comparaci\u00f3n con elecciones anteriores muestra una tendencia clara: en 2021 vot\u00f3 el 72%, en 2017 el 79% y en 2013 el 81%. Es decir, la participaci\u00f3n viene descendiendo de manera constante, con un retroceso a\u00fan m\u00e1s marcado en esta ocasi\u00f3n.<\/p>\n\n\n\n<p><strong>08\/09\/25 &#8211; Desimone: \u201cEl triunfo es un respaldo a la gesti\u00f3n local y un mensaje contra las pol\u00edticas de Milei\u201d<\/strong><\/p>\n\n\n\n<p>El gran ganador de las elecciones legislativas en Col\u00f3n, Nahuel Desimone, se\u00f1al\u00f3 la alegr\u00eda y el orgullo de haber encabezado una lista ganadora, y por otro, expuso la idea de que la victoria no es individual sino colectiva, de la militancia, del intendente, de la gesti\u00f3n y de los vecinos que acompa\u00f1aron.<\/p>\n\n\n\n<p>Cabeza de lista de Fuerza Patria, celebr\u00f3 el resultado que le permitir\u00e1 asumir en diciembre como concejal. \u201cEra una sensaci\u00f3n que ven\u00edamos teniendo, yendo a los barrios y hablando con los vecinos. Lo vivimos con mucha alegr\u00eda, pero tambi\u00e9n con una gran responsabilidad por todo lo que se viene\u201d, expres\u00f3.<\/p>\n\n\n\n<p>Consultado sobre las razones del contundente triunfo, Desimone sostuvo que la elecci\u00f3n fue \u201cun respaldo a la gesti\u00f3n del intendente Waldemar Giordano\u201d, pero tambi\u00e9n \u201cun mensaje al gobierno de Javier Milei, de que por ac\u00e1 no hay camino econ\u00f3mico, como s\u00ed lo eligieron en 2023\u201d.<\/p>\n\n\n\n<p>El futuro edil se\u00f1al\u00f3 que el contexto nacional condiciona la administraci\u00f3n local y el d\u00eda a d\u00eda de los vecinos: \u201cEl gran ajuste cae sobre los trabajadores, los sectores medios, los jubilados y las personas con discapacidad. Eso tambi\u00e9n repercute en el municipio, que quisiera resolver m\u00e1s problemas pero muchas veces no puede porque el contexto nacional no ayuda\u201d.<\/p>\n\n\n\n<p>De cara a octubre, Desimone advirti\u00f3 que \u201clo importante es que los resultados tambi\u00e9n se reflejen a nivel nacional, porque all\u00ed se juegan las bancas de senadores y diputados que definen las leyes\u201d. En ese marco destac\u00f3 la candidatura de la diputada Fernanda D\u00edaz, que integra la lista de unidad del peronismo: \u201cEs muy importante y muy lindo que pueda tener esa oportunidad\u201d.<\/p>\n\n\n\n<p>Sobre la participaci\u00f3n ciudadana, que alcanz\u00f3 el 62% del padr\u00f3n, reconoci\u00f3 que si bien es un n\u00famero bajo comparado con elecciones pasadas, super\u00f3 lo que se esperaba: \u201cSe pensaba en poco m\u00e1s del 50%, por eso haber pasado el 60% es algo bueno. Todos los partidos convocamos a votar, y eso se reflej\u00f3\u201d. En cuanto a quienes no concurrieron a las urnas, sostuvo que no es una cr\u00edtica a los ciudadanos, sino un \u201cdesaf\u00edo para la pol\u00edtica\u201d, que debe demostrar que sigue siendo \u201cuna herramienta de transformaci\u00f3n\u201d.<\/p>\n\n\n\n<p>Finalmente, Desimone asegur\u00f3 que la victoria tiene muchos protagonistas: \u201cSi tengo que decir qui\u00e9n es el padre de la victoria en Col\u00f3n, somos todos: la militancia, los compa\u00f1eros que trabajaron en la gesti\u00f3n y en la campa\u00f1a, y los vecinos que nos dieron su voto de confianza\u201d. Y cerr\u00f3 con su expectativa para diciembre: \u201cEntro al Concejo con muchas ganas, mucho orgullo y sobre todo muchas ganas de trabajar por la ciudad\u201d.<\/p>\n\n\n\n<p><strong>08\/09\/25 Dos consejeros escolares<\/strong><\/p>\n\n\n\n<p>Los n\u00fameros de la jornada electoral de ayer, tambi\u00e9n favorecieron contundentemente a Fuerza Patria que obtuvo los dos lugares que estaban en juego en el Consejo Escolar. Ingresan Carolina Paola Cotilli y Juan Carlos Cappelletti. Significa que ese sector tendr\u00e1 la mayor\u00eda tambi\u00e9n ese lugar de acompa\u00f1amiento a las escuelas y estudiantes de la ciudad<\/p>\n","protected":false},"excerpt":{"rendered":"<p>El Concejo Deliberante se llen\u00f3 de representantes de Fuerza Patria, reforzando la mayor\u00eda que ya ten\u00eda el oficialismo local. En total, ingresan cinco ediles al bloque de Waldemar Giordano, mientras que la&#8230;<\/p>\n","protected":false},"author":1,"featured_media":4313,"comment_status":"open","ping_status":"open","sticky":false,"template":"","format":"standard","meta":{"footnotes":""},"categories":[3],"tags":[],"class_list":["post-8232","post","type-post","status-publish","format-standard","has-post-thumbnail","hentry","category-general"],"_links":{"self":[{"href":"https:\/\/emisoracolon.com.ar\/index.php\/wp-json\/wp\/v2\/posts\/8232","targetHints":{"allow":["GET"]}}],"collection":[{"href":"https:\/\/emisoracolon.com.ar\/index.php\/wp-json\/wp\/v2\/posts"}],"about":[{"href":"https:\/\/emisoracolon.com.ar\/index.php\/wp-json\/wp\/v2\/types\/post"}],"author":[{"embeddable":true,"href":"https:\/\/emisoracolon.com.ar\/index.php\/wp-json\/wp\/v2\/users\/1"}],"replies":[{"embeddable":true,"href":"https:\/\/emisoracolon.com.ar\/index.php\/wp-json\/wp\/v2\/comments?post=8232"}],"version-history":[{"count":1,"href":"https:\/\/emisoracolon.com.ar\/index.php\/wp-json\/wp\/v2\/posts\/8232\/revisions"}],"predecessor-version":[{"id":8233,"href":"https:\/\/emisoracolon.com.ar\/index.php\/wp-json\/wp\/v2\/posts\/8232\/revisions\/8233"}],"wp:featuredmedia":[{"embeddable":true,"href":"https:\/\/emisoracolon.com.ar\/index.php\/wp-json\/wp\/v2\/media\/4313"}],"wp:attachment":[{"href":"https:\/\/emisoracolon.com.ar\/index.php\/wp-json\/wp\/v2\/media?parent=8232"}],"wp:term":[{"taxonomy":"category","embeddable":true,"href":"https:\/\/emisoracolon.com.ar\/index.php\/wp-json\/wp\/v2\/categories?post=8232"},{"taxonomy":"post_tag","embeddable":true,"href":"https:\/\/emisoracolon.com.ar\/index.php\/wp-json\/wp\/v2\/tags?post=8232"}],"curies":[{"name":"wp","href":"https:\/\/api.w.org\/{rel}","templated":true}]}}