{"id":8229,"date":"2025-09-08T16:43:01","date_gmt":"2025-09-08T19:43:01","guid":{"rendered":"https:\/\/emisoracolon.com.ar\/?p=8229"},"modified":"2025-09-08T16:43:01","modified_gmt":"2025-09-08T19:43:01","slug":"contundente-triunfo-de-nahuel-desimone-en-colon","status":"publish","type":"post","link":"https:\/\/emisoracolon.com.ar\/index.php\/2025\/09\/08\/contundente-triunfo-de-nahuel-desimone-en-colon\/","title":{"rendered":"Contundente triunfo de Nahuel Desimone en Col\u00f3n"},"content":{"rendered":"\n<p>El oficialismo local obtuvo un contundente triunfo en las elecciones legislativas provinciales, lo que le permiti\u00f3 ampliar su mayor\u00eda en el Concejo Deliberante y sumar tambi\u00e9n representaci\u00f3n en el Consejo Escolar.<\/p>\n\n\n\n<p>La lista de Fuerza Patria, encabezada por Nahuel Desimone, sac\u00f3 una ventaja de diez puntos sobre el segundo, el libertario Marcelo Montagna, en una elecci\u00f3n que replic\u00f3 lo sucedido a nivel provincial. Tal como hab\u00eda buscado el presidente Javier Milei, la campa\u00f1a se nacionaliz\u00f3, aunque el efecto fue contrario al esperado: el electorado castig\u00f3 al gobierno nacional, principalmente por la dif\u00edcil situaci\u00f3n econ\u00f3mica. La diferencia de 13 puntos a favor de Kicillof en la provincia sorprendi\u00f3 incluso a sus propios seguidores.<\/p>\n\n\n\n<p>En tercer lugar se ubic\u00f3 Nuevos Aires, que qued\u00f3 a unos 200 votos de conseguir una banca.<\/p>\n","protected":false},"excerpt":{"rendered":"<p>El oficialismo local obtuvo un contundente triunfo en las elecciones legislativas provinciales, lo que le permiti\u00f3 ampliar su mayor\u00eda en el Concejo Deliberante y sumar tambi\u00e9n representaci\u00f3n en el Consejo Escolar. La&#8230;<\/p>\n","protected":false},"author":1,"featured_media":8230,"comment_status":"open","ping_status":"open","sticky":false,"template":"","format":"standard","meta":{"footnotes":""},"categories":[3],"tags":[],"class_list":["post-8229","post","type-post","status-publish","format-standard","has-post-thumbnail","hentry","category-general"],"_links":{"self":[{"href":"https:\/\/emisoracolon.com.ar\/index.php\/wp-json\/wp\/v2\/posts\/8229","targetHints":{"allow":["GET"]}}],"collection":[{"href":"https:\/\/emisoracolon.com.ar\/index.php\/wp-json\/wp\/v2\/posts"}],"about":[{"href":"https:\/\/emisoracolon.com.ar\/index.php\/wp-json\/wp\/v2\/types\/post"}],"author":[{"embeddable":true,"href":"https:\/\/emisoracolon.com.ar\/index.php\/wp-json\/wp\/v2\/users\/1"}],"replies":[{"embeddable":true,"href":"https:\/\/emisoracolon.com.ar\/index.php\/wp-json\/wp\/v2\/comments?post=8229"}],"version-history":[{"count":1,"href":"https:\/\/emisoracolon.com.ar\/index.php\/wp-json\/wp\/v2\/posts\/8229\/revisions"}],"predecessor-version":[{"id":8231,"href":"https:\/\/emisoracolon.com.ar\/index.php\/wp-json\/wp\/v2\/posts\/8229\/revisions\/8231"}],"wp:featuredmedia":[{"embeddable":true,"href":"https:\/\/emisoracolon.com.ar\/index.php\/wp-json\/wp\/v2\/media\/8230"}],"wp:attachment":[{"href":"https:\/\/emisoracolon.com.ar\/index.php\/wp-json\/wp\/v2\/media?parent=8229"}],"wp:term":[{"taxonomy":"category","embeddable":true,"href":"https:\/\/emisoracolon.com.ar\/index.php\/wp-json\/wp\/v2\/categories?post=8229"},{"taxonomy":"post_tag","embeddable":true,"href":"https:\/\/emisoracolon.com.ar\/index.php\/wp-json\/wp\/v2\/tags?post=8229"}],"curies":[{"name":"wp","href":"https:\/\/api.w.org\/{rel}","templated":true}]}}