{"id":8219,"date":"2025-09-05T16:50:00","date_gmt":"2025-09-05T19:50:00","guid":{"rendered":"https:\/\/emisoracolon.com.ar\/?p=8219"},"modified":"2025-09-05T16:50:00","modified_gmt":"2025-09-05T19:50:00","slug":"comenzo-la-veda","status":"publish","type":"post","link":"https:\/\/emisoracolon.com.ar\/index.php\/2025\/09\/05\/comenzo-la-veda\/","title":{"rendered":"Comenz\u00f3 la veda"},"content":{"rendered":"\n<p>A partir de las 8 de este viernes comenz\u00f3 oficialmente la veda electoral en la provincia de Buenos Aires, un per\u00edodo que se extender\u00e1 hasta el domingo a las 21 y en el que rigen una serie de restricciones para garantizar un proceso electoral tranquilo y sin interferencias externas. De esa manera, los d\u00edas previos y el mismo d\u00eda de las elecciones estar\u00e1n restringidas distintas actividades vinculadas al proselitismo. Adem\u00e1s, hay actividades no permitidas el mismo d\u00eda de los comicios en los que est\u00e1n llamados a participar m\u00e1s de 14 millones de bonaerenses pare renovar la mitad de ambas c\u00e1maras en la Legislatura, adem\u00e1s de concejales y consejeros escolares en los municipios. Enterate aqu\u00ed qu\u00e9 se puede hacer y qu\u00e9 no a lo largo de estos tres d\u00edas de veda electoral.<\/p>\n\n\n\n<p>Nada de propaganda<\/p>\n\n\n\n<p>En este lapso, est\u00e1 prohibido emitir cualquier tipo de propaganda televisiva, radial o gr\u00e1fica. Tampoco se podr\u00e1n difundir encuestas y sondeos preelectorales y los primeros datos pueden informarse reci\u00e9n despu\u00e9s de las 21 del domingo.<\/p>\n\n\n\n<p><strong>05\/09\/25 &#8211; No olviden consultar el padr\u00f3n<\/strong><\/p>\n\n\n\n<p>La provincia de Buenos Aires atraviesa un a\u00f1o pol\u00edtico de enorme trascendencia y los ciudadanos ya se preparan para cumplir con la primera cita en las urnas: el domingo 7 de septiembre de 2025 se llevar\u00e1n a cabo las elecciones legislativas bonaerenses. Para llegar sin sobresaltos a la jornada, cada elector bonaerense ya tiene a disposici\u00f3n el padr\u00f3n electoral definitivo, herramienta indispensable para saber en qu\u00e9 establecimiento y mesa le corresponde emitir el voto<\/p>\n\n\n\n<p>Para llegar con tranquilidad al d\u00eda de los comicios, la consulta del padr\u00f3n electoral es un paso fundamental. El procedimiento es sencillo y accesible: basta con ingresar al sitio oficial de la Junta Electoral Bonaerense, colocar el n\u00famero de DNI, seleccionar el sexo tal como figura en el documento, completar el c\u00f3digo de verificaci\u00f3n de seguridad y hacer clic en \u201cConsultar\u201d.<\/p>\n\n\n\n<p>En cuesti\u00f3n de segundos, el sistema devuelve informaci\u00f3n precisa: nombre del establecimiento, direcci\u00f3n exacta, distrito, n\u00famero de mesa y orden en el padr\u00f3n. Estos datos son determinantes para evitar confusiones y agilizar el tr\u00e1mite el d\u00eda de la elecci\u00f3n.<\/p>\n","protected":false},"excerpt":{"rendered":"<p>A partir de las 8 de este viernes comenz\u00f3 oficialmente la veda electoral en la provincia de Buenos Aires, un per\u00edodo que se extender\u00e1 hasta el domingo a las 21 y en&#8230;<\/p>\n","protected":false},"author":1,"featured_media":8220,"comment_status":"open","ping_status":"open","sticky":false,"template":"","format":"standard","meta":{"footnotes":""},"categories":[3],"tags":[],"class_list":["post-8219","post","type-post","status-publish","format-standard","has-post-thumbnail","hentry","category-general"],"_links":{"self":[{"href":"https:\/\/emisoracolon.com.ar\/index.php\/wp-json\/wp\/v2\/posts\/8219","targetHints":{"allow":["GET"]}}],"collection":[{"href":"https:\/\/emisoracolon.com.ar\/index.php\/wp-json\/wp\/v2\/posts"}],"about":[{"href":"https:\/\/emisoracolon.com.ar\/index.php\/wp-json\/wp\/v2\/types\/post"}],"author":[{"embeddable":true,"href":"https:\/\/emisoracolon.com.ar\/index.php\/wp-json\/wp\/v2\/users\/1"}],"replies":[{"embeddable":true,"href":"https:\/\/emisoracolon.com.ar\/index.php\/wp-json\/wp\/v2\/comments?post=8219"}],"version-history":[{"count":1,"href":"https:\/\/emisoracolon.com.ar\/index.php\/wp-json\/wp\/v2\/posts\/8219\/revisions"}],"predecessor-version":[{"id":8221,"href":"https:\/\/emisoracolon.com.ar\/index.php\/wp-json\/wp\/v2\/posts\/8219\/revisions\/8221"}],"wp:featuredmedia":[{"embeddable":true,"href":"https:\/\/emisoracolon.com.ar\/index.php\/wp-json\/wp\/v2\/media\/8220"}],"wp:attachment":[{"href":"https:\/\/emisoracolon.com.ar\/index.php\/wp-json\/wp\/v2\/media?parent=8219"}],"wp:term":[{"taxonomy":"category","embeddable":true,"href":"https:\/\/emisoracolon.com.ar\/index.php\/wp-json\/wp\/v2\/categories?post=8219"},{"taxonomy":"post_tag","embeddable":true,"href":"https:\/\/emisoracolon.com.ar\/index.php\/wp-json\/wp\/v2\/tags?post=8219"}],"curies":[{"name":"wp","href":"https:\/\/api.w.org\/{rel}","templated":true}]}}