{"id":8216,"date":"2025-09-05T16:47:49","date_gmt":"2025-09-05T19:47:49","guid":{"rendered":"https:\/\/emisoracolon.com.ar\/?p=8216"},"modified":"2025-09-05T16:47:49","modified_gmt":"2025-09-05T19:47:49","slug":"bien-de-familia","status":"publish","type":"post","link":"https:\/\/emisoracolon.com.ar\/index.php\/2025\/09\/05\/bien-de-familia\/","title":{"rendered":"Bien de familia"},"content":{"rendered":"\n<p>Ayer por la ma\u00f1ana, varias familias de nuestra ciudad se acercaron a la Municipalidad de Col\u00f3n para firmar y retirar su tr\u00e1mite finalizado de Bien de Familia. Gracias al acompa\u00f1amiento de la Asesor\u00eda Legal, pudieron completar de forma gratuita el proceso que garantiza la protecci\u00f3n jur\u00eddica de sus viviendas.<\/p>\n\n\n\n<p>Desde la Municipalidad de Col\u00f3n expresaron, \u201ccelebramos cada paso hacia una comunidad con m\u00e1s derechos y m\u00e1s tranquilidad para sus vecinos\u201d.<\/p>\n\n\n\n<p>Recordaron que todos los propietarios tambi\u00e9n se puede iniciar el tr\u00e1mite sin costo, de lunes a viernes de 9:00 a 13:00en la sede municipal (Calle 51 y 17).<\/p>\n\n\n\n<p>Finaliza con la frase \u201cProteger tu hogar es posible. Y en Col\u00f3n, es gratis\u201d.<\/p>\n","protected":false},"excerpt":{"rendered":"<p>Ayer por la ma\u00f1ana, varias familias de nuestra ciudad se acercaron a la Municipalidad de Col\u00f3n para firmar y retirar su tr\u00e1mite finalizado de Bien de Familia. Gracias al acompa\u00f1amiento de la&#8230;<\/p>\n","protected":false},"author":1,"featured_media":8217,"comment_status":"open","ping_status":"open","sticky":false,"template":"","format":"standard","meta":{"footnotes":""},"categories":[3],"tags":[],"class_list":["post-8216","post","type-post","status-publish","format-standard","has-post-thumbnail","hentry","category-general"],"_links":{"self":[{"href":"https:\/\/emisoracolon.com.ar\/index.php\/wp-json\/wp\/v2\/posts\/8216","targetHints":{"allow":["GET"]}}],"collection":[{"href":"https:\/\/emisoracolon.com.ar\/index.php\/wp-json\/wp\/v2\/posts"}],"about":[{"href":"https:\/\/emisoracolon.com.ar\/index.php\/wp-json\/wp\/v2\/types\/post"}],"author":[{"embeddable":true,"href":"https:\/\/emisoracolon.com.ar\/index.php\/wp-json\/wp\/v2\/users\/1"}],"replies":[{"embeddable":true,"href":"https:\/\/emisoracolon.com.ar\/index.php\/wp-json\/wp\/v2\/comments?post=8216"}],"version-history":[{"count":1,"href":"https:\/\/emisoracolon.com.ar\/index.php\/wp-json\/wp\/v2\/posts\/8216\/revisions"}],"predecessor-version":[{"id":8218,"href":"https:\/\/emisoracolon.com.ar\/index.php\/wp-json\/wp\/v2\/posts\/8216\/revisions\/8218"}],"wp:featuredmedia":[{"embeddable":true,"href":"https:\/\/emisoracolon.com.ar\/index.php\/wp-json\/wp\/v2\/media\/8217"}],"wp:attachment":[{"href":"https:\/\/emisoracolon.com.ar\/index.php\/wp-json\/wp\/v2\/media?parent=8216"}],"wp:term":[{"taxonomy":"category","embeddable":true,"href":"https:\/\/emisoracolon.com.ar\/index.php\/wp-json\/wp\/v2\/categories?post=8216"},{"taxonomy":"post_tag","embeddable":true,"href":"https:\/\/emisoracolon.com.ar\/index.php\/wp-json\/wp\/v2\/tags?post=8216"}],"curies":[{"name":"wp","href":"https:\/\/api.w.org\/{rel}","templated":true}]}}