{"id":8213,"date":"2025-09-05T16:41:50","date_gmt":"2025-09-05T19:41:50","guid":{"rendered":"https:\/\/emisoracolon.com.ar\/?p=8213"},"modified":"2025-09-05T16:44:47","modified_gmt":"2025-09-05T19:44:47","slug":"interesante-debate-electoral","status":"publish","type":"post","link":"https:\/\/emisoracolon.com.ar\/index.php\/2025\/09\/05\/interesante-debate-electoral\/","title":{"rendered":"Interesante debate electoral"},"content":{"rendered":"\n<p>A pocas horas antes del inicio de la veda electoral se llev\u00f3 a cabo, en el sal\u00f3n del Concejo Deliberante, el \u00faltimo debate entre los candidatos de las nueve fuerzas pol\u00edticas que este domingo buscar\u00e1n ocupar una banca en el deliberativo local, as\u00ed como tambi\u00e9n cargos en el Consejo Escolar, donde se renueva el 50% de sus integrantes.<\/p>\n\n\n\n<p>Determinar un ganador resulta complejo. Cada lector oyente o espectador puede inclinarse por uno u otro en funci\u00f3n de sus preferencias pol\u00edticas, el modo de expresarse, los gestos ,hay distintos matices. Adem\u00e1s, el tiempo asignado a cada candidato para exponer fue limitado, aunque el debate en total se extendi\u00f3 por m\u00e1s de dos horas, porque son muchas las fuerzas pol\u00edticas.<\/p>\n\n\n\n<p>M\u00e1s all\u00e1 de qui\u00e9n pueda considerarse vencedor, lo relevante es que se concret\u00f3 por segunda vez consecutiva un intercambio de ese tipo, durante mucho tiempo postergado en la ciudad.<\/p>\n\n\n\n<p>Como suele suceder, la mayor\u00eda de las preguntas recayeron sobre los representantes del oficialismo. Fue principalmente Nahuel Desimone quien tom\u00f3 la palabra, respondiendo con solvencia, aunque volvi\u00f3 a aparecer como punto cr\u00edtico la cuesti\u00f3n del sistema cloacal y del agua: un problema estructural de tres d\u00e9cadas que se agrava con el paso del tiempo y excede la actual gesti\u00f3n.<\/p>\n\n\n\n<p>Otro de los focos estuvo puesto en Marcelo Montagna, identificado por varios como el representante de La Libertad Avanza, el espacio vinculado a Javier Milei. Si bien no es el \u00fanico referente local, sobre \u00e9l se concentraron varias observaciones. El planteo central hacia ese sector fue la aparente contradicci\u00f3n entre su discurso nacional, que cuestiona el rol del Estado, y la demanda local de que sea el municipio, el Estado, el que atienda todas las necesidades de los colonenses.<\/p>\n\n\n\n<p>Entre los reclamos, algunos resultaron razonables, mientras que otros \u2014como ciertos pedidos de atenci\u00f3n m\u00e9dica especializada en el Hospital\u2014 chocan con la realidad presupuestaria y de organizaci\u00f3n del sistema sanitario. En ciudades como la nuestra, con casos complejos poco frecuentes, lo m\u00e1s eficiente es contar con recursos para traslados r\u00e1pidos a centros de mayor complejidad.<\/p>\n\n\n\n<p>El tr\u00e1nsito fue otro de los temas abordados. All\u00ed el oficialismo logr\u00f3 defenderse con ejemplos, se\u00f1alando que se trata de un problema com\u00fan en muchos lugares. Incluso Nicol\u00e1s Luj\u00e1n de Fuerza Patria, respondiendo a una consulta de \u201cHechos\u201d \u201cel centro de San Nicol\u00e1s es un caos\u201d. En materia de seguridad, se remarc\u00f3 que los \u00edndices de delincuencia son bajos y que los hurtos \u2014los hechos m\u00e1s habituales\u2014 se resuelven en un 80%.<\/p>\n\n\n\n<p>El esquema del debate evit\u00f3 grandes enfrentamientos, aunque hubo un cruce llamativo: Gerardo Soria pregunt\u00f3 a Montagna qu\u00e9 har\u00eda el 2 de abril, D\u00eda de Malvinas, considerando la admiraci\u00f3n de Milei por Margaret Thatcher. Montagna replic\u00f3 con otra pregunta: \u201c\u00bfEst\u00e1s de acuerdo con todo lo que hicieron Per\u00f3n y Evita? A m\u00ed me pasa lo mismo: hay cosas con las que no coincido\u201d. Soria no pudo replicar en ese momento.<\/p>\n\n\n\n<p>En el segmento de G\u00e9nero y Salud, Montagna opt\u00f3 por concentrarse exclusivamente en la salud, omitiendo el tema de g\u00e9nero.<\/p>\n\n\n\n<p>Los aspirantes al Consejo Escolar, en tanto, coincidieron en destacar la importancia de la instituci\u00f3n y la continuidad de su buen funcionamiento. Daniel Bozzolani, representante del espacio de Soria, propuso fortalecer el rol de las cooperadoras escolares.<\/p>\n\n\n\n<p>En s\u00edntesis, el debate se desarroll\u00f3 con respeto, sin agresiones, con buen acompa\u00f1amiento del p\u00fablico y en un marco de orden. Fue un anticipo de lo que se espera para el domingo: que la ciudadan\u00eda concurra a votar y disfrute de la posibilidad de hacerlo.<\/p>\n","protected":false},"excerpt":{"rendered":"<p>A pocas horas antes del inicio de la veda electoral se llev\u00f3 a cabo, en el sal\u00f3n del Concejo Deliberante, el \u00faltimo debate entre los candidatos de las nueve fuerzas pol\u00edticas que&#8230;<\/p>\n","protected":false},"author":1,"featured_media":371,"comment_status":"open","ping_status":"open","sticky":false,"template":"","format":"standard","meta":{"footnotes":""},"categories":[3],"tags":[],"class_list":["post-8213","post","type-post","status-publish","format-standard","has-post-thumbnail","hentry","category-general"],"_links":{"self":[{"href":"https:\/\/emisoracolon.com.ar\/index.php\/wp-json\/wp\/v2\/posts\/8213","targetHints":{"allow":["GET"]}}],"collection":[{"href":"https:\/\/emisoracolon.com.ar\/index.php\/wp-json\/wp\/v2\/posts"}],"about":[{"href":"https:\/\/emisoracolon.com.ar\/index.php\/wp-json\/wp\/v2\/types\/post"}],"author":[{"embeddable":true,"href":"https:\/\/emisoracolon.com.ar\/index.php\/wp-json\/wp\/v2\/users\/1"}],"replies":[{"embeddable":true,"href":"https:\/\/emisoracolon.com.ar\/index.php\/wp-json\/wp\/v2\/comments?post=8213"}],"version-history":[{"count":2,"href":"https:\/\/emisoracolon.com.ar\/index.php\/wp-json\/wp\/v2\/posts\/8213\/revisions"}],"predecessor-version":[{"id":8215,"href":"https:\/\/emisoracolon.com.ar\/index.php\/wp-json\/wp\/v2\/posts\/8213\/revisions\/8215"}],"wp:featuredmedia":[{"embeddable":true,"href":"https:\/\/emisoracolon.com.ar\/index.php\/wp-json\/wp\/v2\/media\/371"}],"wp:attachment":[{"href":"https:\/\/emisoracolon.com.ar\/index.php\/wp-json\/wp\/v2\/media?parent=8213"}],"wp:term":[{"taxonomy":"category","embeddable":true,"href":"https:\/\/emisoracolon.com.ar\/index.php\/wp-json\/wp\/v2\/categories?post=8213"},{"taxonomy":"post_tag","embeddable":true,"href":"https:\/\/emisoracolon.com.ar\/index.php\/wp-json\/wp\/v2\/tags?post=8213"}],"curies":[{"name":"wp","href":"https:\/\/api.w.org\/{rel}","templated":true}]}}