{"id":8209,"date":"2025-09-04T16:30:04","date_gmt":"2025-09-04T19:30:04","guid":{"rendered":"https:\/\/emisoracolon.com.ar\/?p=8209"},"modified":"2025-09-04T16:30:04","modified_gmt":"2025-09-04T19:30:04","slug":"natalia-garcia-definio-el-rol-del-concejal","status":"publish","type":"post","link":"https:\/\/emisoracolon.com.ar\/index.php\/2025\/09\/04\/natalia-garcia-definio-el-rol-del-concejal\/","title":{"rendered":"Natalia Garc\u00eda defini\u00f3 el rol del concejal"},"content":{"rendered":"\n<p>El Partido Libertario en Col\u00f3n est\u00e1 terminando su campa\u00f1a. Natalia Garc\u00eda, que encabeza la lista, plantea un discurso realista respecto al rol del concejal: reconoce que no puede prometer obras porque la ejecuci\u00f3n depende del Ejecutivo, pero asegura que s\u00ed cumplir\u00e1 con la funci\u00f3n de control, pedidos de informes y debate en el Concejo.<\/p>\n\n\n\n<p>El Partido Libertario competir\u00e1 en Col\u00f3n con lista propia, encabezada por Natalia Garc\u00eda, quien se perfila con mayores chances de acceder a una banca en el Concejo Deliberante.<\/p>\n\n\n\n<p>\u201cNo prometo obras porque eso depende del Ejecutivo. Lo que s\u00ed voy a hacer es discutir, pedir informes y defender los valores del partido\u201d, se\u00f1al\u00f3 Garc\u00eda, quien remarc\u00f3 que su objetivo es fortalecer el rol de contralor y el trabajo legislativo.<\/p>\n\n\n\n<p>La candidata reconoci\u00f3 que su mayor preocupaci\u00f3n es el basural municipal, cuestionando la falta de clasificaci\u00f3n de residuos, la quema a cielo abierto y las denuncias de contaminaci\u00f3n. \u201cTengo ideas de peque\u00f1as acciones que no implican un alto costo y podr\u00edan mejorar el manejo de la basura\u201d, adelant\u00f3.<\/p>\n\n\n\n<p>En cuanto a la campa\u00f1a, resalt\u00f3 el car\u00e1cter austero y voluntario de la fiscalizaci\u00f3n: \u201cNo hay dinero de por medio, es simplemente ayudar y acompa\u00f1ar\u201d.<\/p>\n\n\n\n<p>Sin embargo, la lista enfrenta un contratiempo clave: la demora en la entrega de boletas, impresas en Gualeguaych\u00fa. \u201cEs la primera vez que nos pasa que llegan tan tarde. Esto genera sospechas porque no hay una explicaci\u00f3n clara de por qu\u00e9 la demora\u201d, advirti\u00f3 Garc\u00eda.<\/p>\n\n\n\n<p>De cara a la elecci\u00f3n, la referente libertaria insisti\u00f3 en que, de lograr una banca, trabajar\u00e1 para dar voz a la oposici\u00f3n y ejercer control sobre la gesti\u00f3n municipal, con el basural como prioridad en su agenda.<\/p>\n\n\n\n<p><strong>04\/08\/25 &#8211; Gustavo Ferraris, candidato libertario a diputado: \u201cEn la zona m\u00e1s rica del pa\u00eds hay pobreza, algo no se est\u00e1 haciendo bien\u201d<\/strong><\/p>\n\n\n\n<p>El Partido Libertario no solo competir\u00e1 en Col\u00f3n por una banca en el Concejo Deliberante con Natalia Garc\u00eda, sino que tambi\u00e9n tendr\u00e1 representaci\u00f3n en la lista de diputados provinciales de la segunda secci\u00f3n electoral. All\u00ed aparece el colonense Gustavo Ferraris, quien reconoci\u00f3 que su ubicaci\u00f3n en la n\u00f3mina no le da grandes posibilidades de acceder a una banca, pero valor\u00f3 la oportunidad de que la ciudad trascienda a nivel provincial.<\/p>\n\n\n\n<p>Ferraris explic\u00f3 que la participaci\u00f3n del espacio es reciente y estuvo marcada por los desaf\u00edos de organizaci\u00f3n: \u201cEl partido nunca estuvo en Col\u00f3n y coordinarnos con otras ciudades de la segunda secci\u00f3n fue un desaf\u00edo enorme, con muy poco tiempo. Incluso los problemas con las boletas pueden haber tenido que ver con esa falta de estructura\u201d.<\/p>\n\n\n\n<p>Consultado por su elecci\u00f3n pol\u00edtica, afirm\u00f3: \u201cEn su momento acompa\u00f1\u00e9 a Javier Milei dentro de La Libertad Avanza, pero all\u00ed las internas dificultaban la convivencia. El Partido Libertario nos permite construir sin fracturas, con un lenguaje m\u00e1s com\u00fan entre distritos\u201d.<\/p>\n\n\n\n<p>Sobre las principales preocupaciones recogidas en la campa\u00f1a, se\u00f1al\u00f3 un diagn\u00f3stico compartido en toda la regi\u00f3n: \u201cEstamos en la zona m\u00e1s rica del pa\u00eds, con f\u00e1bricas y producci\u00f3n cerealera, y sin embargo hay pobreza. Eso significa que algo no se hizo bien y que la gente est\u00e1 atravesando una situaci\u00f3n econ\u00f3mica muy compleja\u201d.<\/p>\n\n\n\n<p>De cara al electorado, Ferraris destac\u00f3 la importancia del voto como herramienta de evaluaci\u00f3n al gobierno: \u201cEstas elecciones van a ser un examen de gesti\u00f3n. Si la gente aprueba, se reflejar\u00e1 en las urnas; si no, hay muchas listas para elegir. Eso tambi\u00e9n habla de la fortaleza de la democracia\u201d.<\/p>\n\n\n\n<p>Finalmente, resalt\u00f3 el creciente protagonismo de los j\u00f3venes en la pol\u00edtica local: \u201cCuesta que se comprometan, pero cuando lo hacen hay que apoyarlos y darles lugar. Me pone contento ver a tantos j\u00f3venes participando por primera vez, porque son el futuro de nuestra ciudad\u201d.<\/p>\n","protected":false},"excerpt":{"rendered":"<p>El Partido Libertario en Col\u00f3n est\u00e1 terminando su campa\u00f1a. Natalia Garc\u00eda, que encabeza la lista, plantea un discurso realista respecto al rol del concejal: reconoce que no puede prometer obras porque la&#8230;<\/p>\n","protected":false},"author":1,"featured_media":8079,"comment_status":"open","ping_status":"open","sticky":false,"template":"","format":"standard","meta":{"footnotes":""},"categories":[3],"tags":[],"class_list":["post-8209","post","type-post","status-publish","format-standard","has-post-thumbnail","hentry","category-general"],"_links":{"self":[{"href":"https:\/\/emisoracolon.com.ar\/index.php\/wp-json\/wp\/v2\/posts\/8209","targetHints":{"allow":["GET"]}}],"collection":[{"href":"https:\/\/emisoracolon.com.ar\/index.php\/wp-json\/wp\/v2\/posts"}],"about":[{"href":"https:\/\/emisoracolon.com.ar\/index.php\/wp-json\/wp\/v2\/types\/post"}],"author":[{"embeddable":true,"href":"https:\/\/emisoracolon.com.ar\/index.php\/wp-json\/wp\/v2\/users\/1"}],"replies":[{"embeddable":true,"href":"https:\/\/emisoracolon.com.ar\/index.php\/wp-json\/wp\/v2\/comments?post=8209"}],"version-history":[{"count":1,"href":"https:\/\/emisoracolon.com.ar\/index.php\/wp-json\/wp\/v2\/posts\/8209\/revisions"}],"predecessor-version":[{"id":8210,"href":"https:\/\/emisoracolon.com.ar\/index.php\/wp-json\/wp\/v2\/posts\/8209\/revisions\/8210"}],"wp:featuredmedia":[{"embeddable":true,"href":"https:\/\/emisoracolon.com.ar\/index.php\/wp-json\/wp\/v2\/media\/8079"}],"wp:attachment":[{"href":"https:\/\/emisoracolon.com.ar\/index.php\/wp-json\/wp\/v2\/media?parent=8209"}],"wp:term":[{"taxonomy":"category","embeddable":true,"href":"https:\/\/emisoracolon.com.ar\/index.php\/wp-json\/wp\/v2\/categories?post=8209"},{"taxonomy":"post_tag","embeddable":true,"href":"https:\/\/emisoracolon.com.ar\/index.php\/wp-json\/wp\/v2\/tags?post=8209"}],"curies":[{"name":"wp","href":"https:\/\/api.w.org\/{rel}","templated":true}]}}