{"id":8203,"date":"2025-09-04T16:24:58","date_gmt":"2025-09-04T19:24:58","guid":{"rendered":"https:\/\/emisoracolon.com.ar\/?p=8203"},"modified":"2025-09-04T16:24:58","modified_gmt":"2025-09-04T19:24:58","slug":"a-las-2000-debate","status":"publish","type":"post","link":"https:\/\/emisoracolon.com.ar\/index.php\/2025\/09\/04\/a-las-2000-debate\/","title":{"rendered":"A las 20:00 debate"},"content":{"rendered":"\n<p>En la recta final hacia las elecciones, hoy a las 20:00 se desarrollar\u00e1 el \u00faltimo debate electoral en el recinto del Honorable Concejo Deliberante de Col\u00f3n.<\/p>\n\n\n\n<p>El encuentro contar\u00e1 con la participaci\u00f3n de los candidatos a concejales y consejeros escolares de las distintas listas, en un espacio donde cada partido podr\u00e1 elegir a uno o varios de sus integrantes para exponer sobre los temas previstos.<\/p>\n\n\n\n<p>Con anticipaci\u00f3n los participantes recibieron las preguntas que integran el cuestionario del debate. Adem\u00e1s, se garantiza el derecho a r\u00e9plica en caso de que alg\u00fan aspirante se sienta aludido por las expresiones de otro.<\/p>\n\n\n\n<p>El evento ser\u00e1 abierto al p\u00fablico, que podr\u00e1 asistir cumpliendo las normas de respeto establecidas, y dispondr\u00e1 de la seguridad necesaria para evitar incidentes.<\/p>\n\n\n\n<p>A su vez, el debate ser\u00e1 transmitido en vivo por audio y video a trav\u00e9s de diferentes medios locales y redes sociales, entre ellos Emisora Col\u00f3n, que confirm\u00f3 la cobertura completa de la jornada.<\/p>\n","protected":false},"excerpt":{"rendered":"<p>En la recta final hacia las elecciones, hoy a las 20:00 se desarrollar\u00e1 el \u00faltimo debate electoral en el recinto del Honorable Concejo Deliberante de Col\u00f3n. El encuentro contar\u00e1 con la participaci\u00f3n&#8230;<\/p>\n","protected":false},"author":1,"featured_media":371,"comment_status":"open","ping_status":"open","sticky":false,"template":"","format":"standard","meta":{"footnotes":""},"categories":[3,5],"tags":[],"class_list":["post-8203","post","type-post","status-publish","format-standard","has-post-thumbnail","hentry","category-general","category-politica_local"],"_links":{"self":[{"href":"https:\/\/emisoracolon.com.ar\/index.php\/wp-json\/wp\/v2\/posts\/8203","targetHints":{"allow":["GET"]}}],"collection":[{"href":"https:\/\/emisoracolon.com.ar\/index.php\/wp-json\/wp\/v2\/posts"}],"about":[{"href":"https:\/\/emisoracolon.com.ar\/index.php\/wp-json\/wp\/v2\/types\/post"}],"author":[{"embeddable":true,"href":"https:\/\/emisoracolon.com.ar\/index.php\/wp-json\/wp\/v2\/users\/1"}],"replies":[{"embeddable":true,"href":"https:\/\/emisoracolon.com.ar\/index.php\/wp-json\/wp\/v2\/comments?post=8203"}],"version-history":[{"count":1,"href":"https:\/\/emisoracolon.com.ar\/index.php\/wp-json\/wp\/v2\/posts\/8203\/revisions"}],"predecessor-version":[{"id":8204,"href":"https:\/\/emisoracolon.com.ar\/index.php\/wp-json\/wp\/v2\/posts\/8203\/revisions\/8204"}],"wp:featuredmedia":[{"embeddable":true,"href":"https:\/\/emisoracolon.com.ar\/index.php\/wp-json\/wp\/v2\/media\/371"}],"wp:attachment":[{"href":"https:\/\/emisoracolon.com.ar\/index.php\/wp-json\/wp\/v2\/media?parent=8203"}],"wp:term":[{"taxonomy":"category","embeddable":true,"href":"https:\/\/emisoracolon.com.ar\/index.php\/wp-json\/wp\/v2\/categories?post=8203"},{"taxonomy":"post_tag","embeddable":true,"href":"https:\/\/emisoracolon.com.ar\/index.php\/wp-json\/wp\/v2\/tags?post=8203"}],"curies":[{"name":"wp","href":"https:\/\/api.w.org\/{rel}","templated":true}]}}