{"id":8189,"date":"2025-09-03T16:51:53","date_gmt":"2025-09-03T19:51:53","guid":{"rendered":"https:\/\/emisoracolon.com.ar\/?p=8189"},"modified":"2025-09-03T16:51:53","modified_gmt":"2025-09-03T19:51:53","slug":"la-discapacidad-en-el-concejo-deliberante","status":"publish","type":"post","link":"https:\/\/emisoracolon.com.ar\/index.php\/2025\/09\/03\/la-discapacidad-en-el-concejo-deliberante\/","title":{"rendered":"La discapacidad en el Concejo Deliberante"},"content":{"rendered":"\n<p>Luego del veto del presidente Javier Milei a la emergencia en discapacidad impulsada por la Legislatura, la concejala Carolina Jaureguizhar se refiri\u00f3 a la situaci\u00f3n del sector. Cont\u00f3 el di\u00e1logo mantenido con un vecino que tiene una hija con s\u00edndrome de Down, a la que con esfuerzo puede asistir, y plante\u00f3:<\/p>\n\n\n\n<p>\u201cCuando un familiar no puede afrontar semejante gasto, lo dif\u00edcil y angustiante es no poder ayudar a una familia, a un ser querido o a un amigo. El Estado tiene que garantizarlo, con prioridades claras y con un presupuesto. A costo de los derechos no se puede tener d\u00e9ficit cero. Hoy se plantea d\u00e9ficit cero a pesar de dejar de lado a quienes m\u00e1s lo necesitan. Por eso no es lo mismo un Estado presente que un Estado ausente\u201d.<\/p>\n\n\n\n<p>Jaureguizhar remarc\u00f3 adem\u00e1s: \u201cSi hoy estamos discutiendo esto en Col\u00f3n, en la Argentina, es porque hay concejales en este recinto que con sus decisiones avalan un modelo de recorte, discriminaci\u00f3n, violencia y desprecio hacia las personas con discapacidad, hacia los jubilados, hacia quienes m\u00e1s lo necesitan. En medio de una campa\u00f1a, cada vecino deber\u00e1 elegir entre el ajuste y el desprecio, o una mirada inclusiva, solidaria y amorosa que reconozca la dignidad de todas las personas sin excepci\u00f3n\u201d.<\/p>\n\n\n\n<p>En respuesta, el concejal Julio \u00c1lvarez se\u00f1al\u00f3: \u201cEstoy de acuerdo con todo lo que dijo la concejala, pero claramente no voy a estar en contra de mis compadres que son discapacitados. Lo que s\u00ed me resulta raro es que esta ley de emergencia salga ahora. La impuls\u00f3 Daniel Arroyo, quien estuvo muchos a\u00f1os en Desarrollo Social y nunca hizo nada\u201d.<\/p>\n\n\n\n<p><strong>03\/09\/25 &#8211; Villa, \u201cahora empezaron a hacer algunas cosas\u201d<\/strong><\/p>\n\n\n\n<p>Marcelo Villa sostuvo \u201cde tantos reclamos que hemos hecho durante un a\u00f1o y ocho meses, parece que se despert\u00f3 el ejecutivo municipal.<\/p>\n\n\n\n<p>Se despert\u00f3 y en el \u00faltimo mes ya la propagadora del gobierno municipal dijo las cosas que hicieron. As\u00ed que nos aplaudimos a nosotros mismos de que no hab\u00eda plata, pero tal cosa, pero tal otra. Pero bueno, al fin empezaron a hacer algunas cosas.<\/p>\n\n\n\n<p>Esperamos, o nos gustar\u00eda que en vez de ser el 7 de septiembre las elecciones fueran en noviembre, as\u00ed tienen unos meses m\u00e1s para hacer algunas otras cosas y poder mostrarse. Porque vivieron un a\u00f1o y ocho meses sin hacer nada. Cuando nosotros le \u00edbamos apuntando distintas cosas.<\/p>\n\n\n\n<p>Lo que plantea se puede resumir en varios ejes:<\/p>\n\n\n\n<p>1. Inacci\u00f3n inicial y reacci\u00f3n electoralista<\/p>\n\n\n\n<p>\u25e6 Se\u00f1ala que durante un a\u00f1o y ocho meses el Ejecutivo municipal no hizo nada relevante, y que reci\u00e9n \u201cse despert\u00f3\u201d en el \u00faltimo mes.<\/p>\n\n\n\n<p>\u25e6 Considera que las obras y anuncios actuales tienen un claro fin electoral, lo que atribuye a una pr\u00e1ctica repetida en la pol\u00edtica local.<\/p>\n\n\n\n<p>2. Cr\u00edticas y reconocimientos puntuales<\/p>\n\n\n\n<p>\u25e6 Cuestiona la demora en obras de infraestructura (ej. la calle 38 entre 9 y 11, y el desag\u00fce de calle 10).<\/p>\n\n\n\n<p>\u25e6 Reconoce avances en el Centro de Desarrollo Infantil y la reactivaci\u00f3n de las 66 viviendas, aunque aclara que estas ven\u00edan de programas provinciales.<\/p>\n\n\n\n<p>3. Problemas estructurales no atendidos<\/p>\n\n\n\n<p>\u25e6 Destaca que los empleados municipales siguen cobrando sueldos bajos.<\/p>\n\n\n\n<p>\u25e6 Plantea que, pese a la buena recaudaci\u00f3n en tasas, no se aprovecharon herramientas como los consorcios camineros.<\/p>\n\n\n\n<p>4. Cuestionamientos pol\u00edticos directos<\/p>\n\n\n\n<p>\u25e6 Critica la actitud de una concejala oficialista, a quien acusa de burlarse en las sesiones.<\/p>\n\n\n\n<p>\u25e6 Afirma que el gobierno municipal \u201ctiene fecha de caducidad\u201d y que la poblaci\u00f3n lo percibe.<\/p>\n\n\n\n<p>En s\u00edntesis: Villa combina reconocimientos aislados con un fuerte cuestionamiento de fondo: acusa al gobierno de actuar solo en clave electoral, de no gestionar con continuidad ni seriedad, y de no atender problemas b\u00e1sicos como salarios, infraestructura y servicios.<\/p>\n","protected":false},"excerpt":{"rendered":"<p>Luego del veto del presidente Javier Milei a la emergencia en discapacidad impulsada por la Legislatura, la concejala Carolina Jaureguizhar se refiri\u00f3 a la situaci\u00f3n del sector. Cont\u00f3 el di\u00e1logo mantenido con&#8230;<\/p>\n","protected":false},"author":1,"featured_media":4313,"comment_status":"open","ping_status":"open","sticky":false,"template":"","format":"standard","meta":{"footnotes":""},"categories":[3],"tags":[],"class_list":["post-8189","post","type-post","status-publish","format-standard","has-post-thumbnail","hentry","category-general"],"_links":{"self":[{"href":"https:\/\/emisoracolon.com.ar\/index.php\/wp-json\/wp\/v2\/posts\/8189","targetHints":{"allow":["GET"]}}],"collection":[{"href":"https:\/\/emisoracolon.com.ar\/index.php\/wp-json\/wp\/v2\/posts"}],"about":[{"href":"https:\/\/emisoracolon.com.ar\/index.php\/wp-json\/wp\/v2\/types\/post"}],"author":[{"embeddable":true,"href":"https:\/\/emisoracolon.com.ar\/index.php\/wp-json\/wp\/v2\/users\/1"}],"replies":[{"embeddable":true,"href":"https:\/\/emisoracolon.com.ar\/index.php\/wp-json\/wp\/v2\/comments?post=8189"}],"version-history":[{"count":1,"href":"https:\/\/emisoracolon.com.ar\/index.php\/wp-json\/wp\/v2\/posts\/8189\/revisions"}],"predecessor-version":[{"id":8190,"href":"https:\/\/emisoracolon.com.ar\/index.php\/wp-json\/wp\/v2\/posts\/8189\/revisions\/8190"}],"wp:featuredmedia":[{"embeddable":true,"href":"https:\/\/emisoracolon.com.ar\/index.php\/wp-json\/wp\/v2\/media\/4313"}],"wp:attachment":[{"href":"https:\/\/emisoracolon.com.ar\/index.php\/wp-json\/wp\/v2\/media?parent=8189"}],"wp:term":[{"taxonomy":"category","embeddable":true,"href":"https:\/\/emisoracolon.com.ar\/index.php\/wp-json\/wp\/v2\/categories?post=8189"},{"taxonomy":"post_tag","embeddable":true,"href":"https:\/\/emisoracolon.com.ar\/index.php\/wp-json\/wp\/v2\/tags?post=8189"}],"curies":[{"name":"wp","href":"https:\/\/api.w.org\/{rel}","templated":true}]}}