{"id":8183,"date":"2025-09-03T16:49:29","date_gmt":"2025-09-03T19:49:29","guid":{"rendered":"https:\/\/emisoracolon.com.ar\/?p=8183"},"modified":"2025-09-03T16:49:29","modified_gmt":"2025-09-03T19:49:29","slug":"motos-termino-la-prevencion-vienen-las-multas","status":"publish","type":"post","link":"https:\/\/emisoracolon.com.ar\/index.php\/2025\/09\/03\/motos-termino-la-prevencion-vienen-las-multas\/","title":{"rendered":"Motos, termin\u00f3 la prevenci\u00f3n, vienen las multas"},"content":{"rendered":"\n<p>Desde la Municipalidad intensifican los controles, y las sanciones en el tr\u00e1nsito a los conductores de motos<\/p>\n\n\n\n<figure class=\"wp-block-image size-large is-style-default\"><img loading=\"lazy\" decoding=\"async\" width=\"819\" height=\"1024\" src=\"http:\/\/emisoracolon.com.ar\/wp-content\/uploads\/2025\/09\/6f62f96b-deb2-4eb7-b9fd-7daf9c27c7c5-819x1024.jpeg\" alt=\"\" class=\"wp-image-8184\" srcset=\"http:\/\/emisoracolon.com.ar\/wp-content\/uploads\/2025\/09\/6f62f96b-deb2-4eb7-b9fd-7daf9c27c7c5-819x1024.jpeg 819w, http:\/\/emisoracolon.com.ar\/wp-content\/uploads\/2025\/09\/6f62f96b-deb2-4eb7-b9fd-7daf9c27c7c5-240x300.jpeg 240w, http:\/\/emisoracolon.com.ar\/wp-content\/uploads\/2025\/09\/6f62f96b-deb2-4eb7-b9fd-7daf9c27c7c5-768x960.jpeg 768w, http:\/\/emisoracolon.com.ar\/wp-content\/uploads\/2025\/09\/6f62f96b-deb2-4eb7-b9fd-7daf9c27c7c5-300x375.jpeg 300w, http:\/\/emisoracolon.com.ar\/wp-content\/uploads\/2025\/09\/6f62f96b-deb2-4eb7-b9fd-7daf9c27c7c5-850x1062.jpeg 850w, http:\/\/emisoracolon.com.ar\/wp-content\/uploads\/2025\/09\/6f62f96b-deb2-4eb7-b9fd-7daf9c27c7c5.jpeg 1125w\" sizes=\"auto, (max-width: 819px) 100vw, 819px\" \/><\/figure>\n\n\n\n<p>Se supo que el intendente Waldemar Giordano se reuni\u00f3 ayer al mediod\u00eda con autoridades policiales, GUM y de tr\u00e1nsito para supervisar la planificaci\u00f3n y organizaci\u00f3n de los controles en la circulaci\u00f3n de motos en nuestra ciudad en el marco de un Plan Integral de Seguridad Vial que viene ejecutando el municipio.<\/p>\n\n\n\n<p>Trascendi\u00f3 que el foco est\u00e1 puesto en el uso obligatorio del casco, el escape apropiado y las luces en funcionamiento, en definitiva, que cada veh\u00edculo cumpla con las condiciones necesarias para circular de manera segura, lo que incluye todos los documentos en regla y un seguro vigente.<\/p>\n\n\n\n<p>Entre otras cuestiones se remarc\u00f3 la obligaci\u00f3n de los motociclistas es que cumplan con las normas b\u00e1sicas para circular y pongan sus motos en condiciones.<\/p>\n\n\n\n<p>Otro aspecto importante a tener en cuenta, es que en esa reuni\u00f3n se inform\u00f3 que caducaron las instancias de prevenci\u00f3n y advertencia durante los controles y comenzar\u00e1n a aplicarse fuertes sanciones, multas y secuestros de veh\u00edculos que no est\u00e9n en regla.<\/p>\n\n\n\n<p>Durante la reuni\u00f3n, el intendente remarc\u00f3 que se elabor\u00f3 un Plan Integral de Seguridad Vial escuchando las demandas de la comunidad y resulta fundamental y prioritario ordenar el tr\u00e1nsito en Col\u00f3n. Si bien se trata de una responsabilidad compartida con la comunidad, surge con gran necesidad la misi\u00f3n de poder buscar un orden que garantice mayor tranquilidad en las calles. Por ello, adem\u00e1s se vienen colocando reductores de velocidad, se intensificaron los controles durante ma\u00f1ana, tarde y noche y se endurecer\u00e1n las sanciones con multas y secuestros.<\/p>\n\n\n\n<figure class=\"wp-block-gallery has-nested-images columns-default is-cropped wp-block-gallery-1 is-layout-flex wp-block-gallery-is-layout-flex\">\n<figure class=\"wp-block-image size-large\"><img loading=\"lazy\" decoding=\"async\" width=\"1024\" height=\"708\" data-id=\"8187\" src=\"http:\/\/emisoracolon.com.ar\/wp-content\/uploads\/2025\/09\/f27730b3-f285-4fd4-ace3-adfc611522ab-2-1024x708.jpeg\" alt=\"\" class=\"wp-image-8187\" srcset=\"http:\/\/emisoracolon.com.ar\/wp-content\/uploads\/2025\/09\/f27730b3-f285-4fd4-ace3-adfc611522ab-2-1024x708.jpeg 1024w, http:\/\/emisoracolon.com.ar\/wp-content\/uploads\/2025\/09\/f27730b3-f285-4fd4-ace3-adfc611522ab-2-300x208.jpeg 300w, http:\/\/emisoracolon.com.ar\/wp-content\/uploads\/2025\/09\/f27730b3-f285-4fd4-ace3-adfc611522ab-2-768x531.jpeg 768w, http:\/\/emisoracolon.com.ar\/wp-content\/uploads\/2025\/09\/f27730b3-f285-4fd4-ace3-adfc611522ab-2-1536x1063.jpeg 1536w, http:\/\/emisoracolon.com.ar\/wp-content\/uploads\/2025\/09\/f27730b3-f285-4fd4-ace3-adfc611522ab-2-850x588.jpeg 850w, http:\/\/emisoracolon.com.ar\/wp-content\/uploads\/2025\/09\/f27730b3-f285-4fd4-ace3-adfc611522ab-2.jpeg 1600w\" sizes=\"auto, (max-width: 1024px) 100vw, 1024px\" \/><\/figure>\n<\/figure>\n","protected":false},"excerpt":{"rendered":"<p>Desde la Municipalidad intensifican los controles, y las sanciones en el tr\u00e1nsito a los conductores de motos Se supo que el intendente Waldemar Giordano se reuni\u00f3 ayer al mediod\u00eda con autoridades policiales,&#8230;<\/p>\n","protected":false},"author":1,"featured_media":0,"comment_status":"open","ping_status":"open","sticky":false,"template":"","format":"standard","meta":{"footnotes":""},"categories":[3],"tags":[],"class_list":["post-8183","post","type-post","status-publish","format-standard","hentry","category-general"],"_links":{"self":[{"href":"https:\/\/emisoracolon.com.ar\/index.php\/wp-json\/wp\/v2\/posts\/8183","targetHints":{"allow":["GET"]}}],"collection":[{"href":"https:\/\/emisoracolon.com.ar\/index.php\/wp-json\/wp\/v2\/posts"}],"about":[{"href":"https:\/\/emisoracolon.com.ar\/index.php\/wp-json\/wp\/v2\/types\/post"}],"author":[{"embeddable":true,"href":"https:\/\/emisoracolon.com.ar\/index.php\/wp-json\/wp\/v2\/users\/1"}],"replies":[{"embeddable":true,"href":"https:\/\/emisoracolon.com.ar\/index.php\/wp-json\/wp\/v2\/comments?post=8183"}],"version-history":[{"count":1,"href":"https:\/\/emisoracolon.com.ar\/index.php\/wp-json\/wp\/v2\/posts\/8183\/revisions"}],"predecessor-version":[{"id":8188,"href":"https:\/\/emisoracolon.com.ar\/index.php\/wp-json\/wp\/v2\/posts\/8183\/revisions\/8188"}],"wp:attachment":[{"href":"https:\/\/emisoracolon.com.ar\/index.php\/wp-json\/wp\/v2\/media?parent=8183"}],"wp:term":[{"taxonomy":"category","embeddable":true,"href":"https:\/\/emisoracolon.com.ar\/index.php\/wp-json\/wp\/v2\/categories?post=8183"},{"taxonomy":"post_tag","embeddable":true,"href":"https:\/\/emisoracolon.com.ar\/index.php\/wp-json\/wp\/v2\/tags?post=8183"}],"curies":[{"name":"wp","href":"https:\/\/api.w.org\/{rel}","templated":true}]}}