{"id":8180,"date":"2025-09-03T16:42:28","date_gmt":"2025-09-03T19:42:28","guid":{"rendered":"https:\/\/emisoracolon.com.ar\/?p=8180"},"modified":"2025-09-03T16:42:28","modified_gmt":"2025-09-03T19:42:28","slug":"feria-de-artesanos-y-emprendedores-en-la-plaza-san-martin-8","status":"publish","type":"post","link":"https:\/\/emisoracolon.com.ar\/index.php\/2025\/09\/03\/feria-de-artesanos-y-emprendedores-en-la-plaza-san-martin-8\/","title":{"rendered":"Feria de Artesanos y Emprendedores en la Plaza San Mart\u00edn"},"content":{"rendered":"\n<p>El domingo 21 de septiembre con motivo de la llegada d ella Primavera, invitan a los vecinos a disfrutar de una jornada \u00fanica en el sector del Patio del Artista, donde el talento local se hace presente con una nueva edici\u00f3n de la Feria de Artesanos, Emprendedores y Gastron\u00f3micos.<\/p>\n\n\n\n<p>Como siempre, encontrar\u00e1n productos artesanales y muy originales emprendimientos gastron\u00f3micos, m\u00fasica en vivo para compartir en familia y con amigos<\/p>\n\n\n\n<p>Comienza a las 14:00 y anticipan una tarde llena de color, creatividad y buenos sabores.<\/p>\n\n\n\n<p>Desde hoy y hasta 18 est\u00e1 abierta la inscripci\u00f3n para exponer, en la Direcci\u00f3n de Producci\u00f3n y Empleo (49 y 16) de lunes a viernes de 8 a 13 horas. Consultas: 423337.<\/p>\n","protected":false},"excerpt":{"rendered":"<p>El domingo 21 de septiembre con motivo de la llegada d ella Primavera, invitan a los vecinos a disfrutar de una jornada \u00fanica en el sector del Patio del Artista, donde el&#8230;<\/p>\n","protected":false},"author":1,"featured_media":8181,"comment_status":"open","ping_status":"open","sticky":false,"template":"","format":"standard","meta":{"footnotes":""},"categories":[7,3],"tags":[],"class_list":["post-8180","post","type-post","status-publish","format-standard","has-post-thumbnail","hentry","category-cultura","category-general"],"_links":{"self":[{"href":"https:\/\/emisoracolon.com.ar\/index.php\/wp-json\/wp\/v2\/posts\/8180","targetHints":{"allow":["GET"]}}],"collection":[{"href":"https:\/\/emisoracolon.com.ar\/index.php\/wp-json\/wp\/v2\/posts"}],"about":[{"href":"https:\/\/emisoracolon.com.ar\/index.php\/wp-json\/wp\/v2\/types\/post"}],"author":[{"embeddable":true,"href":"https:\/\/emisoracolon.com.ar\/index.php\/wp-json\/wp\/v2\/users\/1"}],"replies":[{"embeddable":true,"href":"https:\/\/emisoracolon.com.ar\/index.php\/wp-json\/wp\/v2\/comments?post=8180"}],"version-history":[{"count":1,"href":"https:\/\/emisoracolon.com.ar\/index.php\/wp-json\/wp\/v2\/posts\/8180\/revisions"}],"predecessor-version":[{"id":8182,"href":"https:\/\/emisoracolon.com.ar\/index.php\/wp-json\/wp\/v2\/posts\/8180\/revisions\/8182"}],"wp:featuredmedia":[{"embeddable":true,"href":"https:\/\/emisoracolon.com.ar\/index.php\/wp-json\/wp\/v2\/media\/8181"}],"wp:attachment":[{"href":"https:\/\/emisoracolon.com.ar\/index.php\/wp-json\/wp\/v2\/media?parent=8180"}],"wp:term":[{"taxonomy":"category","embeddable":true,"href":"https:\/\/emisoracolon.com.ar\/index.php\/wp-json\/wp\/v2\/categories?post=8180"},{"taxonomy":"post_tag","embeddable":true,"href":"https:\/\/emisoracolon.com.ar\/index.php\/wp-json\/wp\/v2\/tags?post=8180"}],"curies":[{"name":"wp","href":"https:\/\/api.w.org\/{rel}","templated":true}]}}