{"id":8173,"date":"2025-09-03T16:36:56","date_gmt":"2025-09-03T19:36:56","guid":{"rendered":"https:\/\/emisoracolon.com.ar\/?p=8173"},"modified":"2025-09-03T16:36:56","modified_gmt":"2025-09-03T19:36:56","slug":"varios-hechos-delictivos","status":"publish","type":"post","link":"https:\/\/emisoracolon.com.ar\/index.php\/2025\/09\/03\/varios-hechos-delictivos\/","title":{"rendered":"Varios hechos delictivos"},"content":{"rendered":"\n<p>En lo que va de la semana se produjo el robo de una moto. Fue estacionada por su due\u00f1a en una vivienda de calle 51 entre 128 y 129. Al salir se encuentra con la sorpresa que le fue robada, a pesar que se encontraba con su volante trabado.<\/p>\n\n\n\n<p>Una mujer denunci\u00f3 da\u00f1os en su veh\u00edculo estacionado frente a su domicilio de 22 y 48. Tiene como testigo a una vecina que observ\u00f3 el momento en el que provocaban el da\u00f1o mencionado.<\/p>\n\n\n\n<p>Robaron en un galp\u00f3n ubicado en la Ruta N\u00b08, en inmediaciones de nuestra ciudad.<\/p>\n\n\n\n<p>Ingresaron al interior tras romper parte de la pared del galp\u00f3n, logrando sustraer varias herramientas de trabajo. En todos los casos se trabaja para determinar los autores de los hechos se\u00f1alados.<\/p>\n","protected":false},"excerpt":{"rendered":"<p>En lo que va de la semana se produjo el robo de una moto. Fue estacionada por su due\u00f1a en una vivienda de calle 51 entre 128 y 129. Al salir se&#8230;<\/p>\n","protected":false},"author":1,"featured_media":4971,"comment_status":"open","ping_status":"open","sticky":false,"template":"","format":"standard","meta":{"footnotes":""},"categories":[3],"tags":[],"class_list":["post-8173","post","type-post","status-publish","format-standard","has-post-thumbnail","hentry","category-general"],"_links":{"self":[{"href":"https:\/\/emisoracolon.com.ar\/index.php\/wp-json\/wp\/v2\/posts\/8173","targetHints":{"allow":["GET"]}}],"collection":[{"href":"https:\/\/emisoracolon.com.ar\/index.php\/wp-json\/wp\/v2\/posts"}],"about":[{"href":"https:\/\/emisoracolon.com.ar\/index.php\/wp-json\/wp\/v2\/types\/post"}],"author":[{"embeddable":true,"href":"https:\/\/emisoracolon.com.ar\/index.php\/wp-json\/wp\/v2\/users\/1"}],"replies":[{"embeddable":true,"href":"https:\/\/emisoracolon.com.ar\/index.php\/wp-json\/wp\/v2\/comments?post=8173"}],"version-history":[{"count":1,"href":"https:\/\/emisoracolon.com.ar\/index.php\/wp-json\/wp\/v2\/posts\/8173\/revisions"}],"predecessor-version":[{"id":8174,"href":"https:\/\/emisoracolon.com.ar\/index.php\/wp-json\/wp\/v2\/posts\/8173\/revisions\/8174"}],"wp:featuredmedia":[{"embeddable":true,"href":"https:\/\/emisoracolon.com.ar\/index.php\/wp-json\/wp\/v2\/media\/4971"}],"wp:attachment":[{"href":"https:\/\/emisoracolon.com.ar\/index.php\/wp-json\/wp\/v2\/media?parent=8173"}],"wp:term":[{"taxonomy":"category","embeddable":true,"href":"https:\/\/emisoracolon.com.ar\/index.php\/wp-json\/wp\/v2\/categories?post=8173"},{"taxonomy":"post_tag","embeddable":true,"href":"https:\/\/emisoracolon.com.ar\/index.php\/wp-json\/wp\/v2\/tags?post=8173"}],"curies":[{"name":"wp","href":"https:\/\/api.w.org\/{rel}","templated":true}]}}