{"id":8171,"date":"2025-09-03T16:36:23","date_gmt":"2025-09-03T19:36:23","guid":{"rendered":"https:\/\/emisoracolon.com.ar\/?p=8171"},"modified":"2025-09-03T16:36:23","modified_gmt":"2025-09-03T19:36:23","slug":"aun-hay-problemas-electricos-en-la-zona-rural","status":"publish","type":"post","link":"https:\/\/emisoracolon.com.ar\/index.php\/2025\/09\/03\/aun-hay-problemas-electricos-en-la-zona-rural\/","title":{"rendered":"A\u00fan hay problemas el\u00e9ctricos en la zona rural"},"content":{"rendered":"\n<p>Siguen todav\u00eda las consecuencias de la fuerte lluvia del fin de semana. A pesar del trabajo que se viene realizando desde aquel momento todav\u00eda permanecen sectores rurales sin energ\u00eda el\u00e9ctrica, ya que el acceso resulta muy complicado por el estado de los caminos.<\/p>\n\n\n\n<p>Actualmente se registran dos cables cortados en la derivaci\u00f3n Indio Muerto, que ser\u00e1n reparados en cuanto sea posible transitar con la gr\u00faa.<\/p>\n\n\n\n<p>Desde la Cooperativa El\u00e9ctrica pidieron disculpas por los inconvenientes y agradecieron la comprensi\u00f3n de los usuarios.<\/p>\n","protected":false},"excerpt":{"rendered":"<p>Siguen todav\u00eda las consecuencias de la fuerte lluvia del fin de semana. A pesar del trabajo que se viene realizando desde aquel momento todav\u00eda permanecen sectores rurales sin energ\u00eda el\u00e9ctrica, ya que&#8230;<\/p>\n","protected":false},"author":1,"featured_media":2562,"comment_status":"open","ping_status":"open","sticky":false,"template":"","format":"standard","meta":{"footnotes":""},"categories":[3],"tags":[],"class_list":["post-8171","post","type-post","status-publish","format-standard","has-post-thumbnail","hentry","category-general"],"_links":{"self":[{"href":"https:\/\/emisoracolon.com.ar\/index.php\/wp-json\/wp\/v2\/posts\/8171","targetHints":{"allow":["GET"]}}],"collection":[{"href":"https:\/\/emisoracolon.com.ar\/index.php\/wp-json\/wp\/v2\/posts"}],"about":[{"href":"https:\/\/emisoracolon.com.ar\/index.php\/wp-json\/wp\/v2\/types\/post"}],"author":[{"embeddable":true,"href":"https:\/\/emisoracolon.com.ar\/index.php\/wp-json\/wp\/v2\/users\/1"}],"replies":[{"embeddable":true,"href":"https:\/\/emisoracolon.com.ar\/index.php\/wp-json\/wp\/v2\/comments?post=8171"}],"version-history":[{"count":1,"href":"https:\/\/emisoracolon.com.ar\/index.php\/wp-json\/wp\/v2\/posts\/8171\/revisions"}],"predecessor-version":[{"id":8172,"href":"https:\/\/emisoracolon.com.ar\/index.php\/wp-json\/wp\/v2\/posts\/8171\/revisions\/8172"}],"wp:featuredmedia":[{"embeddable":true,"href":"https:\/\/emisoracolon.com.ar\/index.php\/wp-json\/wp\/v2\/media\/2562"}],"wp:attachment":[{"href":"https:\/\/emisoracolon.com.ar\/index.php\/wp-json\/wp\/v2\/media?parent=8171"}],"wp:term":[{"taxonomy":"category","embeddable":true,"href":"https:\/\/emisoracolon.com.ar\/index.php\/wp-json\/wp\/v2\/categories?post=8171"},{"taxonomy":"post_tag","embeddable":true,"href":"https:\/\/emisoracolon.com.ar\/index.php\/wp-json\/wp\/v2\/tags?post=8171"}],"curies":[{"name":"wp","href":"https:\/\/api.w.org\/{rel}","templated":true}]}}