{"id":8168,"date":"2025-09-02T16:33:06","date_gmt":"2025-09-02T19:33:06","guid":{"rendered":"https:\/\/emisoracolon.com.ar\/?p=8168"},"modified":"2025-09-02T16:33:06","modified_gmt":"2025-09-02T19:33:06","slug":"invitan-a-vacunar-las-mascotas","status":"publish","type":"post","link":"https:\/\/emisoracolon.com.ar\/index.php\/2025\/09\/02\/invitan-a-vacunar-las-mascotas\/","title":{"rendered":"-Invitan a vacunar las mascotas"},"content":{"rendered":"\n<p>Huellitas convoca a los vecinos a vacunar a sus mascotas. Ser\u00e1 el pr\u00f3ximo jueves de 10:00 a 12:00 donde se desarrollar\u00e1 una jornada de vacunaci\u00f3n antirr\u00e1bica gratuita en el Polo Cultural (11 y 43)<\/p>\n\n\n\n<p>No hace falta turno previo.<\/p>\n\n\n\n<p>Recuerdan que la vacunaci\u00f3n es fundamental para proteger a perros, gatos y tambi\u00e9n a toda la comunidad.<\/p>\n\n\n\n<p>De esta manera el Programa Huellitas Col\u00f3n contin\u00faa impulsando acciones de cuidado, prevenci\u00f3n y concientizaci\u00f3n para que cada animalito de nuestra ciudad reciba la atenci\u00f3n que merece.<\/p>\n","protected":false},"excerpt":{"rendered":"<p>Huellitas convoca a los vecinos a vacunar a sus mascotas. Ser\u00e1 el pr\u00f3ximo jueves de 10:00 a 12:00 donde se desarrollar\u00e1 una jornada de vacunaci\u00f3n antirr\u00e1bica gratuita en el Polo Cultural (11&#8230;<\/p>\n","protected":false},"author":1,"featured_media":8169,"comment_status":"open","ping_status":"open","sticky":false,"template":"","format":"standard","meta":{"footnotes":""},"categories":[3],"tags":[],"class_list":["post-8168","post","type-post","status-publish","format-standard","has-post-thumbnail","hentry","category-general"],"_links":{"self":[{"href":"https:\/\/emisoracolon.com.ar\/index.php\/wp-json\/wp\/v2\/posts\/8168","targetHints":{"allow":["GET"]}}],"collection":[{"href":"https:\/\/emisoracolon.com.ar\/index.php\/wp-json\/wp\/v2\/posts"}],"about":[{"href":"https:\/\/emisoracolon.com.ar\/index.php\/wp-json\/wp\/v2\/types\/post"}],"author":[{"embeddable":true,"href":"https:\/\/emisoracolon.com.ar\/index.php\/wp-json\/wp\/v2\/users\/1"}],"replies":[{"embeddable":true,"href":"https:\/\/emisoracolon.com.ar\/index.php\/wp-json\/wp\/v2\/comments?post=8168"}],"version-history":[{"count":1,"href":"https:\/\/emisoracolon.com.ar\/index.php\/wp-json\/wp\/v2\/posts\/8168\/revisions"}],"predecessor-version":[{"id":8170,"href":"https:\/\/emisoracolon.com.ar\/index.php\/wp-json\/wp\/v2\/posts\/8168\/revisions\/8170"}],"wp:featuredmedia":[{"embeddable":true,"href":"https:\/\/emisoracolon.com.ar\/index.php\/wp-json\/wp\/v2\/media\/8169"}],"wp:attachment":[{"href":"https:\/\/emisoracolon.com.ar\/index.php\/wp-json\/wp\/v2\/media?parent=8168"}],"wp:term":[{"taxonomy":"category","embeddable":true,"href":"https:\/\/emisoracolon.com.ar\/index.php\/wp-json\/wp\/v2\/categories?post=8168"},{"taxonomy":"post_tag","embeddable":true,"href":"https:\/\/emisoracolon.com.ar\/index.php\/wp-json\/wp\/v2\/tags?post=8168"}],"curies":[{"name":"wp","href":"https:\/\/api.w.org\/{rel}","templated":true}]}}