{"id":8160,"date":"2025-09-02T16:26:37","date_gmt":"2025-09-02T19:26:37","guid":{"rendered":"https:\/\/emisoracolon.com.ar\/?p=8160"},"modified":"2025-09-02T16:26:37","modified_gmt":"2025-09-02T19:26:37","slug":"renuncio-pablo-pascua","status":"publish","type":"post","link":"https:\/\/emisoracolon.com.ar\/index.php\/2025\/09\/02\/renuncio-pablo-pascua\/","title":{"rendered":"Renunci\u00f3 Pablo Pascua"},"content":{"rendered":"\n<p>Con el t\u00edtulo Gracias Pablo, desde la gesti\u00f3n municipal agradecieron \u201cprofundamente\u201d a Pablo Pascua, quien por razones personales deja su cargo como Director de la Escuela Cultura y Bellas Artes \u201cHoracio Bertholet\u201d.<\/p>\n\n\n\n<p>Dicen, \u201cdurante su gesti\u00f3n, supo conducir a docentes y alumnos con compromiso, dedicaci\u00f3n y una gran impronta de trabajo que dej\u00f3 huellas en toda la comunidad educativa y cultural. Adem\u00e1s, su experiencia nos ayud\u00f3 en todas las fiestas populares que desarrollamos en Col\u00f3n y en las delegaciones.<\/p>\n","protected":false},"excerpt":{"rendered":"<p>Con el t\u00edtulo Gracias Pablo, desde la gesti\u00f3n municipal agradecieron \u201cprofundamente\u201d a Pablo Pascua, quien por razones personales deja su cargo como Director de la Escuela Cultura y Bellas Artes \u201cHoracio Bertholet\u201d&#8230;.<\/p>\n","protected":false},"author":1,"featured_media":8161,"comment_status":"open","ping_status":"open","sticky":false,"template":"","format":"standard","meta":{"footnotes":""},"categories":[7,3],"tags":[],"class_list":["post-8160","post","type-post","status-publish","format-standard","has-post-thumbnail","hentry","category-cultura","category-general"],"_links":{"self":[{"href":"https:\/\/emisoracolon.com.ar\/index.php\/wp-json\/wp\/v2\/posts\/8160","targetHints":{"allow":["GET"]}}],"collection":[{"href":"https:\/\/emisoracolon.com.ar\/index.php\/wp-json\/wp\/v2\/posts"}],"about":[{"href":"https:\/\/emisoracolon.com.ar\/index.php\/wp-json\/wp\/v2\/types\/post"}],"author":[{"embeddable":true,"href":"https:\/\/emisoracolon.com.ar\/index.php\/wp-json\/wp\/v2\/users\/1"}],"replies":[{"embeddable":true,"href":"https:\/\/emisoracolon.com.ar\/index.php\/wp-json\/wp\/v2\/comments?post=8160"}],"version-history":[{"count":1,"href":"https:\/\/emisoracolon.com.ar\/index.php\/wp-json\/wp\/v2\/posts\/8160\/revisions"}],"predecessor-version":[{"id":8162,"href":"https:\/\/emisoracolon.com.ar\/index.php\/wp-json\/wp\/v2\/posts\/8160\/revisions\/8162"}],"wp:featuredmedia":[{"embeddable":true,"href":"https:\/\/emisoracolon.com.ar\/index.php\/wp-json\/wp\/v2\/media\/8161"}],"wp:attachment":[{"href":"https:\/\/emisoracolon.com.ar\/index.php\/wp-json\/wp\/v2\/media?parent=8160"}],"wp:term":[{"taxonomy":"category","embeddable":true,"href":"https:\/\/emisoracolon.com.ar\/index.php\/wp-json\/wp\/v2\/categories?post=8160"},{"taxonomy":"post_tag","embeddable":true,"href":"https:\/\/emisoracolon.com.ar\/index.php\/wp-json\/wp\/v2\/tags?post=8160"}],"curies":[{"name":"wp","href":"https:\/\/api.w.org\/{rel}","templated":true}]}}