{"id":8157,"date":"2025-09-02T16:25:23","date_gmt":"2025-09-02T19:25:23","guid":{"rendered":"https:\/\/emisoracolon.com.ar\/?p=8157"},"modified":"2025-09-02T16:25:23","modified_gmt":"2025-09-02T19:25:23","slug":"paso-por-colon-canto-bonaerense","status":"publish","type":"post","link":"https:\/\/emisoracolon.com.ar\/index.php\/2025\/09\/02\/paso-por-colon-canto-bonaerense\/","title":{"rendered":"Pas\u00f3 por Col\u00f3n \u201cCanto Bonaerense\u201d"},"content":{"rendered":"\n<p>Ni la lluvia y el viento que trajo la tormenta de Santa Rosa en nuestro medio, impidi\u00f3 la realizaci\u00f3n de Canto Bonaerense que reuni\u00f3 much\u00edsima gente durante tres jornadas en el Polo Cultural.<\/p>\n\n\n\n<p>Durante viernes y s\u00e1bado se realizaron talleres y conversatorios y la jornada final fue una muestra abierta al p\u00fablico, en el marco del Programa Cultura Activa.<\/p>\n\n\n\n<p>Con esta propuesta, desarrollada junto al Instituto Cultural de la Provincia de Buenos Aires, se busca generar el encuentro creativo y productivo entre cantantes, compositores y poetas bonaerenses, posibilitando el ensamble de las voces, los instrumentos y las obras.<\/p>\n","protected":false},"excerpt":{"rendered":"<p>Ni la lluvia y el viento que trajo la tormenta de Santa Rosa en nuestro medio, impidi\u00f3 la realizaci\u00f3n de Canto Bonaerense que reuni\u00f3 much\u00edsima gente durante tres jornadas en el Polo&#8230;<\/p>\n","protected":false},"author":1,"featured_media":8158,"comment_status":"open","ping_status":"open","sticky":false,"template":"","format":"standard","meta":{"footnotes":""},"categories":[7,3],"tags":[],"class_list":["post-8157","post","type-post","status-publish","format-standard","has-post-thumbnail","hentry","category-cultura","category-general"],"_links":{"self":[{"href":"https:\/\/emisoracolon.com.ar\/index.php\/wp-json\/wp\/v2\/posts\/8157","targetHints":{"allow":["GET"]}}],"collection":[{"href":"https:\/\/emisoracolon.com.ar\/index.php\/wp-json\/wp\/v2\/posts"}],"about":[{"href":"https:\/\/emisoracolon.com.ar\/index.php\/wp-json\/wp\/v2\/types\/post"}],"author":[{"embeddable":true,"href":"https:\/\/emisoracolon.com.ar\/index.php\/wp-json\/wp\/v2\/users\/1"}],"replies":[{"embeddable":true,"href":"https:\/\/emisoracolon.com.ar\/index.php\/wp-json\/wp\/v2\/comments?post=8157"}],"version-history":[{"count":1,"href":"https:\/\/emisoracolon.com.ar\/index.php\/wp-json\/wp\/v2\/posts\/8157\/revisions"}],"predecessor-version":[{"id":8159,"href":"https:\/\/emisoracolon.com.ar\/index.php\/wp-json\/wp\/v2\/posts\/8157\/revisions\/8159"}],"wp:featuredmedia":[{"embeddable":true,"href":"https:\/\/emisoracolon.com.ar\/index.php\/wp-json\/wp\/v2\/media\/8158"}],"wp:attachment":[{"href":"https:\/\/emisoracolon.com.ar\/index.php\/wp-json\/wp\/v2\/media?parent=8157"}],"wp:term":[{"taxonomy":"category","embeddable":true,"href":"https:\/\/emisoracolon.com.ar\/index.php\/wp-json\/wp\/v2\/categories?post=8157"},{"taxonomy":"post_tag","embeddable":true,"href":"https:\/\/emisoracolon.com.ar\/index.php\/wp-json\/wp\/v2\/tags?post=8157"}],"curies":[{"name":"wp","href":"https:\/\/api.w.org\/{rel}","templated":true}]}}