{"id":8154,"date":"2025-09-02T16:23:35","date_gmt":"2025-09-02T19:23:35","guid":{"rendered":"https:\/\/emisoracolon.com.ar\/?p=8154"},"modified":"2025-09-02T16:23:35","modified_gmt":"2025-09-02T19:23:35","slug":"manana-expo-educativa","status":"publish","type":"post","link":"https:\/\/emisoracolon.com.ar\/index.php\/2025\/09\/02\/manana-expo-educativa\/","title":{"rendered":"Ma\u00f1ana Expo Educativa"},"content":{"rendered":"\n<p>Ma\u00f1ana se lleva a cabo la denominada Expo Educativa. Se trata de una nueva edici\u00f3n destinada a exponer la oferta de educaci\u00f3n superior del distrito y que los y las estudiantes puedan informarse sobre la oferta universitaria de la ciudad.<\/p>\n\n\n\n<p>La impulsan la Subsecretar\u00eda de Educaci\u00f3n, de manera conjunta con la Jefatura Distrital, quienes invitan a la Expo Educativa que se realizar\u00e1 el mi\u00e9rcoles 3 de septiembre en el Polo Educativo (44 y 11).<\/p>\n\n\n\n<p>En tiempos en los que es cada vez m\u00e1s complicado instalarse en las grandes ciudades para seguir estudios universitarios, la oferta local se hace cada vez m\u00e1s importante para muchos de los egresados del nivel Medio.<\/p>\n","protected":false},"excerpt":{"rendered":"<p>Ma\u00f1ana se lleva a cabo la denominada Expo Educativa. Se trata de una nueva edici\u00f3n destinada a exponer la oferta de educaci\u00f3n superior del distrito y que los y las estudiantes puedan&#8230;<\/p>\n","protected":false},"author":1,"featured_media":8155,"comment_status":"open","ping_status":"open","sticky":false,"template":"","format":"standard","meta":{"footnotes":""},"categories":[3],"tags":[],"class_list":["post-8154","post","type-post","status-publish","format-standard","has-post-thumbnail","hentry","category-general"],"_links":{"self":[{"href":"https:\/\/emisoracolon.com.ar\/index.php\/wp-json\/wp\/v2\/posts\/8154","targetHints":{"allow":["GET"]}}],"collection":[{"href":"https:\/\/emisoracolon.com.ar\/index.php\/wp-json\/wp\/v2\/posts"}],"about":[{"href":"https:\/\/emisoracolon.com.ar\/index.php\/wp-json\/wp\/v2\/types\/post"}],"author":[{"embeddable":true,"href":"https:\/\/emisoracolon.com.ar\/index.php\/wp-json\/wp\/v2\/users\/1"}],"replies":[{"embeddable":true,"href":"https:\/\/emisoracolon.com.ar\/index.php\/wp-json\/wp\/v2\/comments?post=8154"}],"version-history":[{"count":1,"href":"https:\/\/emisoracolon.com.ar\/index.php\/wp-json\/wp\/v2\/posts\/8154\/revisions"}],"predecessor-version":[{"id":8156,"href":"https:\/\/emisoracolon.com.ar\/index.php\/wp-json\/wp\/v2\/posts\/8154\/revisions\/8156"}],"wp:featuredmedia":[{"embeddable":true,"href":"https:\/\/emisoracolon.com.ar\/index.php\/wp-json\/wp\/v2\/media\/8155"}],"wp:attachment":[{"href":"https:\/\/emisoracolon.com.ar\/index.php\/wp-json\/wp\/v2\/media?parent=8154"}],"wp:term":[{"taxonomy":"category","embeddable":true,"href":"https:\/\/emisoracolon.com.ar\/index.php\/wp-json\/wp\/v2\/categories?post=8154"},{"taxonomy":"post_tag","embeddable":true,"href":"https:\/\/emisoracolon.com.ar\/index.php\/wp-json\/wp\/v2\/tags?post=8154"}],"curies":[{"name":"wp","href":"https:\/\/api.w.org\/{rel}","templated":true}]}}