{"id":8150,"date":"2025-09-02T16:22:30","date_gmt":"2025-09-02T19:22:30","guid":{"rendered":"https:\/\/emisoracolon.com.ar\/?p=8150"},"modified":"2025-09-02T16:22:30","modified_gmt":"2025-09-02T19:22:30","slug":"diego-ortega-y-aldana-silveyra-campeones-mundiales-de-tango-pista","status":"publish","type":"post","link":"https:\/\/emisoracolon.com.ar\/index.php\/2025\/09\/02\/diego-ortega-y-aldana-silveyra-campeones-mundiales-de-tango-pista\/","title":{"rendered":"Diego Ortega y Aldana Silveyra, campeones mundiales de Tango Pista"},"content":{"rendered":"\n<p>El colonense Diego Ortega, junto a su pareja Aldana Silveyra de Monte Grande, se consagraron anoche campeones del mundo de Tango Pista en el Tango BA Festival y Mundial, el certamen tanguero m\u00e1s prestigioso del planeta.<\/p>\n\n\n\n<p>La final se desarroll\u00f3 en el teatro Gran Rex, con la conducci\u00f3n de Fernando Bravo, en una gala que reuni\u00f3 a las mejores parejas del mundo. Tras una exigente competencia, Ortega y Silveyra recibieron la estatuilla entre aplausos y ovaciones del p\u00fablico.<\/p>\n\n\n\n<p>La emoci\u00f3n fue protagonista en la consagraci\u00f3n. Aldana expres\u00f3:<\/p>\n\n\n\n<p>\u201cQuiero agradecer porque para nosotros esto es un sue\u00f1o. Lo deseamos desde hace muchos a\u00f1os, y estamos muy felices. Pensamos que no iba a ser posible, pero peleamos mucho. Gracias\u201d.<\/p>\n\n\n\n<p>Por su parte, Diego, con l\u00e1grimas en los ojos, agreg\u00f3 mirando a su compa\u00f1era:<\/p>\n\n\n\n<p>\u201cEn este momento lo \u00fanico que puedo decir es que te amo, y gracias por estar conmigo hasta el \u00faltimo momento. Este es un camino que reci\u00e9n empieza, \u00a1gracias!\u201d.<\/p>\n\n\n\n<p>El cierre de la velada tuvo a los campeones bailando \u201cLa Cumparsita\u201d, compartiendo escenario con todas las parejas que participaron del certamen.<\/p>\n\n\n\n<p>Se trata del segundo t\u00edtulo mundial en la carrera de Ortega: quince a\u00f1os atr\u00e1s, en agosto de 2010, hab\u00eda obtenido la consagraci\u00f3n en la categor\u00eda Tango Escenario junto a la japonesa Chizuko Kuwamoto, en la final disputada en el Luna Park.<\/p>\n\n\n\n<p>La edici\u00f3n 2025 del Mundial de Tango continuar\u00e1 este martes 2 de septiembre, cuando se conozca a los ganadores en la categor\u00eda Tango Escenario.<\/p>\n","protected":false},"excerpt":{"rendered":"<p>El colonense Diego Ortega, junto a su pareja Aldana Silveyra de Monte Grande, se consagraron anoche campeones del mundo de Tango Pista en el Tango BA Festival y Mundial, el certamen tanguero&#8230;<\/p>\n","protected":false},"author":1,"featured_media":8151,"comment_status":"open","ping_status":"open","sticky":false,"template":"","format":"standard","meta":{"footnotes":""},"categories":[7,3],"tags":[],"class_list":["post-8150","post","type-post","status-publish","format-standard","has-post-thumbnail","hentry","category-cultura","category-general"],"_links":{"self":[{"href":"https:\/\/emisoracolon.com.ar\/index.php\/wp-json\/wp\/v2\/posts\/8150","targetHints":{"allow":["GET"]}}],"collection":[{"href":"https:\/\/emisoracolon.com.ar\/index.php\/wp-json\/wp\/v2\/posts"}],"about":[{"href":"https:\/\/emisoracolon.com.ar\/index.php\/wp-json\/wp\/v2\/types\/post"}],"author":[{"embeddable":true,"href":"https:\/\/emisoracolon.com.ar\/index.php\/wp-json\/wp\/v2\/users\/1"}],"replies":[{"embeddable":true,"href":"https:\/\/emisoracolon.com.ar\/index.php\/wp-json\/wp\/v2\/comments?post=8150"}],"version-history":[{"count":1,"href":"https:\/\/emisoracolon.com.ar\/index.php\/wp-json\/wp\/v2\/posts\/8150\/revisions"}],"predecessor-version":[{"id":8152,"href":"https:\/\/emisoracolon.com.ar\/index.php\/wp-json\/wp\/v2\/posts\/8150\/revisions\/8152"}],"wp:featuredmedia":[{"embeddable":true,"href":"https:\/\/emisoracolon.com.ar\/index.php\/wp-json\/wp\/v2\/media\/8151"}],"wp:attachment":[{"href":"https:\/\/emisoracolon.com.ar\/index.php\/wp-json\/wp\/v2\/media?parent=8150"}],"wp:term":[{"taxonomy":"category","embeddable":true,"href":"https:\/\/emisoracolon.com.ar\/index.php\/wp-json\/wp\/v2\/categories?post=8150"},{"taxonomy":"post_tag","embeddable":true,"href":"https:\/\/emisoracolon.com.ar\/index.php\/wp-json\/wp\/v2\/tags?post=8150"}],"curies":[{"name":"wp","href":"https:\/\/api.w.org\/{rel}","templated":true}]}}