{"id":8142,"date":"2025-09-01T16:26:57","date_gmt":"2025-09-01T19:26:57","guid":{"rendered":"https:\/\/emisoracolon.com.ar\/?p=8142"},"modified":"2025-09-01T16:26:57","modified_gmt":"2025-09-01T19:26:57","slug":"la-parroquia-san-jose-prepara-una-nueva-mision-a-santiago-del-estero","status":"publish","type":"post","link":"https:\/\/emisoracolon.com.ar\/index.php\/2025\/09\/01\/la-parroquia-san-jose-prepara-una-nueva-mision-a-santiago-del-estero\/","title":{"rendered":"La Parroquia San Jos\u00e9 prepara una nueva misi\u00f3n a Santiago del Estero"},"content":{"rendered":"\n<p>La comunidad de la Parroquia San Jos\u00e9 se encuentra ultimando los preparativos para una nueva misi\u00f3n pastoral en Santiago del Estero, continuando con una labor que ya tiene varios a\u00f1os de historia. El viaje est\u00e1 previsto para el pr\u00f3ximo 21 de septiembre, con destino a la localidad de Ica\u00f1o, y posteriormente a comunidades rurales y montes de la zona.<\/p>\n\n\n\n<p>El padre Ricardo explic\u00f3 que las misiones consisten en compartir la vida con las familias m\u00e1s aisladas, visitarlas y organizar celebraciones comunitarias:<\/p>\n\n\n\n<p>\u201cLa idea nuestra es ir a compartir, ir con la Virgen y encontrarnos como hermanos. Nos instalamos una semana, visitamos casas, comemos todos juntos y celebramos. A ellos les cambia la semana por la alegr\u00eda de ser visitados, y a nosotros nos cambia tambi\u00e9n por la riqueza que nos traemos en la fe y la esperanza\u201d.<\/p>\n\n\n\n<p>El grupo misionero est\u00e1 conformado por hombres y mujeres de entre 17 y 60 a\u00f1os. Este a\u00f1o viajar\u00e1n en dos combis y un auto, dado que los costos impidieron contratar un colectivo como en otras oportunidades. \u201cLa misi\u00f3n nos cuesta entre 6 y 7 millones de pesos, todav\u00eda no tenemos todo cubierto, pero confiamos en que Dios proveer\u00e1\u201d, indic\u00f3 el sacerdote.<\/p>\n\n\n\n<p>Durante la estad\u00eda, los misioneros conviven al modo de las comunidades locales, organizan celebraciones, bautismos, catequesis y misas en lugares donde en algunos casos hace m\u00e1s de un a\u00f1o que no se realiza una. \u201cEs muy fuerte ver c\u00f3mo preparan todo para recibir la misa, la fe con que esperan a la Virgen, la sencillez de la gente y la esperanza con la que viven\u201d, destac\u00f3 el padre Ricardo.<\/p>\n\n\n\n<p>La parroquia abri\u00f3 la posibilidad de colaborar con alimentos no perecederos o aportes econ\u00f3micos para solventar los gastos. Los interesados pueden acercarse directamente al templo o comunicarse al 3364698123 Adem\u00e1s, el Alias para depositar ayuda es sanjose2720 . Adem\u00e1s, el s\u00e1bado 13 de septiembre estar\u00e1n recolectando donaciones junto a los j\u00f3venes en la puerta de La An\u00f3nima, D\u00eda y Gea.<\/p>\n","protected":false},"excerpt":{"rendered":"<p>La comunidad de la Parroquia San Jos\u00e9 se encuentra ultimando los preparativos para una nueva misi\u00f3n pastoral en Santiago del Estero, continuando con una labor que ya tiene varios a\u00f1os de historia&#8230;.<\/p>\n","protected":false},"author":1,"featured_media":8143,"comment_status":"open","ping_status":"open","sticky":false,"template":"","format":"standard","meta":{"footnotes":""},"categories":[3],"tags":[],"class_list":["post-8142","post","type-post","status-publish","format-standard","has-post-thumbnail","hentry","category-general"],"_links":{"self":[{"href":"https:\/\/emisoracolon.com.ar\/index.php\/wp-json\/wp\/v2\/posts\/8142","targetHints":{"allow":["GET"]}}],"collection":[{"href":"https:\/\/emisoracolon.com.ar\/index.php\/wp-json\/wp\/v2\/posts"}],"about":[{"href":"https:\/\/emisoracolon.com.ar\/index.php\/wp-json\/wp\/v2\/types\/post"}],"author":[{"embeddable":true,"href":"https:\/\/emisoracolon.com.ar\/index.php\/wp-json\/wp\/v2\/users\/1"}],"replies":[{"embeddable":true,"href":"https:\/\/emisoracolon.com.ar\/index.php\/wp-json\/wp\/v2\/comments?post=8142"}],"version-history":[{"count":1,"href":"https:\/\/emisoracolon.com.ar\/index.php\/wp-json\/wp\/v2\/posts\/8142\/revisions"}],"predecessor-version":[{"id":8144,"href":"https:\/\/emisoracolon.com.ar\/index.php\/wp-json\/wp\/v2\/posts\/8142\/revisions\/8144"}],"wp:featuredmedia":[{"embeddable":true,"href":"https:\/\/emisoracolon.com.ar\/index.php\/wp-json\/wp\/v2\/media\/8143"}],"wp:attachment":[{"href":"https:\/\/emisoracolon.com.ar\/index.php\/wp-json\/wp\/v2\/media?parent=8142"}],"wp:term":[{"taxonomy":"category","embeddable":true,"href":"https:\/\/emisoracolon.com.ar\/index.php\/wp-json\/wp\/v2\/categories?post=8142"},{"taxonomy":"post_tag","embeddable":true,"href":"https:\/\/emisoracolon.com.ar\/index.php\/wp-json\/wp\/v2\/tags?post=8142"}],"curies":[{"name":"wp","href":"https:\/\/api.w.org\/{rel}","templated":true}]}}