{"id":8140,"date":"2025-09-01T16:24:32","date_gmt":"2025-09-01T19:24:32","guid":{"rendered":"https:\/\/emisoracolon.com.ar\/?p=8140"},"modified":"2025-09-01T16:24:32","modified_gmt":"2025-09-01T19:24:32","slug":"gerardo-soria-en-colon-se-plebiscita-la-gestion-de-giordano","status":"publish","type":"post","link":"https:\/\/emisoracolon.com.ar\/index.php\/2025\/09\/01\/gerardo-soria-en-colon-se-plebiscita-la-gestion-de-giordano\/","title":{"rendered":"Gerardo Soria: \u201cEn Col\u00f3n se plebiscita la gesti\u00f3n de Giordano\u201d"},"content":{"rendered":"\n<p>El candidato a concejal por el Frente Patriota Federal, Gerardo Mart\u00edn Soria, encara la recta final hacia las elecciones del pr\u00f3ximo domingo y asegur\u00f3 que lo que estar\u00e1 en juego en la provincia de Buenos Aires \u201ces una disputa nacional entre el modelo que encabeza el presidente Javier Milei y un peronismo que busca rearmarse\u201d.<\/p>\n\n\n\n<p>En el plano local, Soria fue categ\u00f3rico:<\/p>\n\n\n\n<p>\u201cEn Col\u00f3n lo que se va a votar es un plebiscito sobre la gesti\u00f3n municipal del intendente Waldemar Giordano. Las alternativas son claras: por un lado, un mosaico de listas de la derecha divididas; y por el otro, el campo nacional y popular, que es donde estamos nosotros\u201d.<\/p>\n\n\n\n<p>El dirigente aclar\u00f3 que esta es una elecci\u00f3n legislativa y que no corresponde \u201cprometer dar vuelta Col\u00f3n\u201d en esta instancia:<\/p>\n\n\n\n<p>\u201cEl rol del concejal es proponer, proyectar y controlar. Nosotros vamos a garantizar la oposici\u00f3n a esta gesti\u00f3n y seremos muy firmes en el control de la administraci\u00f3n p\u00fablica y de la rendici\u00f3n de cuentas\u201d.<\/p>\n\n\n\n<p>Record\u00f3 adem\u00e1s proyectos impulsados en etapas anteriores, como la creaci\u00f3n del Consejo del Arbolado P\u00fablico, la Direcci\u00f3n de Control de Agroqu\u00edmicos, las pensiones municipales en la crisis de 2001 y la propuesta de que los vecinos de las delegaciones elijan directamente a sus representantes.<\/p>\n\n\n\n<p>Respecto a su regreso al centro de la escena pol\u00edtica, Soria explic\u00f3:<\/p>\n\n\n\n<p>\u201cLos tiempos cambiaron. Se abre un espacio para rediscutir el peronismo, que no puede quedar prisionero de una facci\u00f3n. Nuestro llamado es amplio: a peronistas, radicales desencantados, independientes, trabajadores, j\u00f3venes, productores y profesionales. Queremos un Consejo Deliberante preocupado por los problemas reales de los colonenses\u201d.<\/p>\n\n\n\n<p>Finalmente, valor\u00f3 la experiencia de quienes lo acompa\u00f1an en la lista:<\/p>\n\n\n\n<p>\u201cMar\u00eda L\u00eda Migliorero tiene una gran trayectoria en el municipio, y Daniel Bozzolani, con su trabajo en el Consejo Escolar, aporta formaci\u00f3n y compromiso. No somos improvisados; estamos en condiciones de garantizar las mejores cosas para Col\u00f3n, con humildad y respeto\u201d.<\/p>\n","protected":false},"excerpt":{"rendered":"<p>El candidato a concejal por el Frente Patriota Federal, Gerardo Mart\u00edn Soria, encara la recta final hacia las elecciones del pr\u00f3ximo domingo y asegur\u00f3 que lo que estar\u00e1 en juego en la&#8230;<\/p>\n","protected":false},"author":1,"featured_media":6955,"comment_status":"open","ping_status":"open","sticky":false,"template":"","format":"standard","meta":{"footnotes":""},"categories":[3],"tags":[],"class_list":["post-8140","post","type-post","status-publish","format-standard","has-post-thumbnail","hentry","category-general"],"_links":{"self":[{"href":"https:\/\/emisoracolon.com.ar\/index.php\/wp-json\/wp\/v2\/posts\/8140","targetHints":{"allow":["GET"]}}],"collection":[{"href":"https:\/\/emisoracolon.com.ar\/index.php\/wp-json\/wp\/v2\/posts"}],"about":[{"href":"https:\/\/emisoracolon.com.ar\/index.php\/wp-json\/wp\/v2\/types\/post"}],"author":[{"embeddable":true,"href":"https:\/\/emisoracolon.com.ar\/index.php\/wp-json\/wp\/v2\/users\/1"}],"replies":[{"embeddable":true,"href":"https:\/\/emisoracolon.com.ar\/index.php\/wp-json\/wp\/v2\/comments?post=8140"}],"version-history":[{"count":1,"href":"https:\/\/emisoracolon.com.ar\/index.php\/wp-json\/wp\/v2\/posts\/8140\/revisions"}],"predecessor-version":[{"id":8141,"href":"https:\/\/emisoracolon.com.ar\/index.php\/wp-json\/wp\/v2\/posts\/8140\/revisions\/8141"}],"wp:featuredmedia":[{"embeddable":true,"href":"https:\/\/emisoracolon.com.ar\/index.php\/wp-json\/wp\/v2\/media\/6955"}],"wp:attachment":[{"href":"https:\/\/emisoracolon.com.ar\/index.php\/wp-json\/wp\/v2\/media?parent=8140"}],"wp:term":[{"taxonomy":"category","embeddable":true,"href":"https:\/\/emisoracolon.com.ar\/index.php\/wp-json\/wp\/v2\/categories?post=8140"},{"taxonomy":"post_tag","embeddable":true,"href":"https:\/\/emisoracolon.com.ar\/index.php\/wp-json\/wp\/v2\/tags?post=8140"}],"curies":[{"name":"wp","href":"https:\/\/api.w.org\/{rel}","templated":true}]}}