{"id":8137,"date":"2025-09-01T16:21:36","date_gmt":"2025-09-01T19:21:36","guid":{"rendered":"https:\/\/emisoracolon.com.ar\/?p=8137"},"modified":"2025-09-01T16:21:36","modified_gmt":"2025-09-01T19:21:36","slug":"ecocanje-en-el-polo-4","status":"publish","type":"post","link":"https:\/\/emisoracolon.com.ar\/index.php\/2025\/09\/01\/ecocanje-en-el-polo-4\/","title":{"rendered":"EcoCanje en el Polo"},"content":{"rendered":"\n<p>La Subsecretar\u00eda de Ambiente Municipal organiza una nueva edici\u00f3n de la Jornada de EcoCanje<\/p>\n\n\n\n<p>Ser\u00e1 el jueves 4\/9 de 10:00 a 13:00 en el Polo Cultural (43 y 11)<\/p>\n\n\n\n<p>Invitan a concurrir con residuos de cart\u00f3n, papel, pl\u00e1stico, metal y vidrio (limpios y secos)<\/p>\n\n\n\n<p>Tambi\u00e9n reciben Aceite Vegetal Usado (AVU), Residuos de Aparatos El\u00e9ctricos y Electr\u00f3nicos (RAEEs), y Pilas en desuso<\/p>\n\n\n\n<p>Podr\u00e1n canjearlos por plantines de diferentes especies, tierra abonada, semillas o pulverizadores.<\/p>\n","protected":false},"excerpt":{"rendered":"<p>La Subsecretar\u00eda de Ambiente Municipal organiza una nueva edici\u00f3n de la Jornada de EcoCanje Ser\u00e1 el jueves 4\/9 de 10:00 a 13:00 en el Polo Cultural (43 y 11) Invitan a concurrir&#8230;<\/p>\n","protected":false},"author":1,"featured_media":8138,"comment_status":"open","ping_status":"open","sticky":false,"template":"","format":"standard","meta":{"footnotes":""},"categories":[3],"tags":[],"class_list":["post-8137","post","type-post","status-publish","format-standard","has-post-thumbnail","hentry","category-general"],"_links":{"self":[{"href":"https:\/\/emisoracolon.com.ar\/index.php\/wp-json\/wp\/v2\/posts\/8137","targetHints":{"allow":["GET"]}}],"collection":[{"href":"https:\/\/emisoracolon.com.ar\/index.php\/wp-json\/wp\/v2\/posts"}],"about":[{"href":"https:\/\/emisoracolon.com.ar\/index.php\/wp-json\/wp\/v2\/types\/post"}],"author":[{"embeddable":true,"href":"https:\/\/emisoracolon.com.ar\/index.php\/wp-json\/wp\/v2\/users\/1"}],"replies":[{"embeddable":true,"href":"https:\/\/emisoracolon.com.ar\/index.php\/wp-json\/wp\/v2\/comments?post=8137"}],"version-history":[{"count":1,"href":"https:\/\/emisoracolon.com.ar\/index.php\/wp-json\/wp\/v2\/posts\/8137\/revisions"}],"predecessor-version":[{"id":8139,"href":"https:\/\/emisoracolon.com.ar\/index.php\/wp-json\/wp\/v2\/posts\/8137\/revisions\/8139"}],"wp:featuredmedia":[{"embeddable":true,"href":"https:\/\/emisoracolon.com.ar\/index.php\/wp-json\/wp\/v2\/media\/8138"}],"wp:attachment":[{"href":"https:\/\/emisoracolon.com.ar\/index.php\/wp-json\/wp\/v2\/media?parent=8137"}],"wp:term":[{"taxonomy":"category","embeddable":true,"href":"https:\/\/emisoracolon.com.ar\/index.php\/wp-json\/wp\/v2\/categories?post=8137"},{"taxonomy":"post_tag","embeddable":true,"href":"https:\/\/emisoracolon.com.ar\/index.php\/wp-json\/wp\/v2\/tags?post=8137"}],"curies":[{"name":"wp","href":"https:\/\/api.w.org\/{rel}","templated":true}]}}