{"id":8134,"date":"2025-09-01T16:21:09","date_gmt":"2025-09-01T19:21:09","guid":{"rendered":"https:\/\/emisoracolon.com.ar\/?p=8134"},"modified":"2025-09-01T16:21:09","modified_gmt":"2025-09-01T19:21:09","slug":"oficialmente-se-anuncio-la-nueva-maternidad","status":"publish","type":"post","link":"https:\/\/emisoracolon.com.ar\/index.php\/2025\/09\/01\/oficialmente-se-anuncio-la-nueva-maternidad\/","title":{"rendered":"Oficialmente se anunci\u00f3 la nueva Maternidad"},"content":{"rendered":"\n<p>Si bien ya lo hab\u00edamos informado, ahora la Municipalidad anunci\u00f3 oficialmente la creaci\u00f3n del edificio para instalar una Maternidad en el Hospital para nuestra ciudad. Dieron cuenta que junto a la Provincia llevar\u00e1n adelante una obra fundamental: la construcci\u00f3n de un Centro Obst\u00e9trico y UTPR en nuestro Hospital Municipal.<\/p>\n\n\n\n<p>Comprende dos unidades de Trabajo de Parto y Recuperaci\u00f3n con estaci\u00f3n de enfermer\u00eda. Quir\u00f3fano con apoyos, cuatro habitaciones, oficinas, recepci\u00f3n y consultorio con sanitario<\/p>\n\n\n\n<p>y nuevas circulaciones t\u00e9cnicas y de emergencia<\/p>\n\n\n\n<p>Se trata de una inversi\u00f3n de $1.776.091.000,20 que demuestra nuestra preocupaci\u00f3n y compromiso en gestionar obras que fortalezcan el sistema de salud p\u00fablica y garanticen m\u00e1s y mejores servicios para nuestros vecinos.<\/p>\n\n\n\n<p>El edificio se construir\u00e1 sobre la calle 13 e\/ 50 y 51.<\/p>\n","protected":false},"excerpt":{"rendered":"<p>Si bien ya lo hab\u00edamos informado, ahora la Municipalidad anunci\u00f3 oficialmente la creaci\u00f3n del edificio para instalar una Maternidad en el Hospital para nuestra ciudad. Dieron cuenta que junto a la Provincia&#8230;<\/p>\n","protected":false},"author":1,"featured_media":8135,"comment_status":"open","ping_status":"open","sticky":false,"template":"","format":"standard","meta":{"footnotes":""},"categories":[3],"tags":[],"class_list":["post-8134","post","type-post","status-publish","format-standard","has-post-thumbnail","hentry","category-general"],"_links":{"self":[{"href":"https:\/\/emisoracolon.com.ar\/index.php\/wp-json\/wp\/v2\/posts\/8134","targetHints":{"allow":["GET"]}}],"collection":[{"href":"https:\/\/emisoracolon.com.ar\/index.php\/wp-json\/wp\/v2\/posts"}],"about":[{"href":"https:\/\/emisoracolon.com.ar\/index.php\/wp-json\/wp\/v2\/types\/post"}],"author":[{"embeddable":true,"href":"https:\/\/emisoracolon.com.ar\/index.php\/wp-json\/wp\/v2\/users\/1"}],"replies":[{"embeddable":true,"href":"https:\/\/emisoracolon.com.ar\/index.php\/wp-json\/wp\/v2\/comments?post=8134"}],"version-history":[{"count":1,"href":"https:\/\/emisoracolon.com.ar\/index.php\/wp-json\/wp\/v2\/posts\/8134\/revisions"}],"predecessor-version":[{"id":8136,"href":"https:\/\/emisoracolon.com.ar\/index.php\/wp-json\/wp\/v2\/posts\/8134\/revisions\/8136"}],"wp:featuredmedia":[{"embeddable":true,"href":"https:\/\/emisoracolon.com.ar\/index.php\/wp-json\/wp\/v2\/media\/8135"}],"wp:attachment":[{"href":"https:\/\/emisoracolon.com.ar\/index.php\/wp-json\/wp\/v2\/media?parent=8134"}],"wp:term":[{"taxonomy":"category","embeddable":true,"href":"https:\/\/emisoracolon.com.ar\/index.php\/wp-json\/wp\/v2\/categories?post=8134"},{"taxonomy":"post_tag","embeddable":true,"href":"https:\/\/emisoracolon.com.ar\/index.php\/wp-json\/wp\/v2\/tags?post=8134"}],"curies":[{"name":"wp","href":"https:\/\/api.w.org\/{rel}","templated":true}]}}