{"id":8131,"date":"2025-09-01T16:18:21","date_gmt":"2025-09-01T19:18:21","guid":{"rendered":"https:\/\/emisoracolon.com.ar\/?p=8131"},"modified":"2025-09-01T16:18:21","modified_gmt":"2025-09-01T19:18:21","slug":"vivienda-ultima-semana-de-inscripcion","status":"publish","type":"post","link":"https:\/\/emisoracolon.com.ar\/index.php\/2025\/09\/01\/vivienda-ultima-semana-de-inscripcion\/","title":{"rendered":"Vivienda, \u00faltima semana de inscripci\u00f3n"},"content":{"rendered":"\n<p>Comenz\u00f3 hoy lunes la \u00faltima etapa de inscripciones para el barrio de las 66 viviendas. Desde las 07:30 la posibilidad de hacerlo es para todos los vecinas y vecinas cuyos documentos de identidad comienzan con la N hasta la Z, inclusive. Se trata de la \u00faltima etapa de inscripciones que concluye el viernes. Luego vendr\u00e1n otras etapas importantes como la definici\u00f3n de los habilitados para participar del sorteo.<\/p>\n\n\n\n<p>La inscripci\u00f3n es en el Polo Cultural de 7:30 a 13:30 y fue habilitada una l\u00ednea de consultas directa para responder dudas y brindar informaci\u00f3n clara sobre los requisitos y pasos a seguir cuyo n\u00famero 520464<\/p>\n","protected":false},"excerpt":{"rendered":"<p>Comenz\u00f3 hoy lunes la \u00faltima etapa de inscripciones para el barrio de las 66 viviendas. Desde las 07:30 la posibilidad de hacerlo es para todos los vecinas y vecinas cuyos documentos de&#8230;<\/p>\n","protected":false},"author":1,"featured_media":8132,"comment_status":"open","ping_status":"open","sticky":false,"template":"","format":"standard","meta":{"footnotes":""},"categories":[3],"tags":[],"class_list":["post-8131","post","type-post","status-publish","format-standard","has-post-thumbnail","hentry","category-general"],"_links":{"self":[{"href":"https:\/\/emisoracolon.com.ar\/index.php\/wp-json\/wp\/v2\/posts\/8131","targetHints":{"allow":["GET"]}}],"collection":[{"href":"https:\/\/emisoracolon.com.ar\/index.php\/wp-json\/wp\/v2\/posts"}],"about":[{"href":"https:\/\/emisoracolon.com.ar\/index.php\/wp-json\/wp\/v2\/types\/post"}],"author":[{"embeddable":true,"href":"https:\/\/emisoracolon.com.ar\/index.php\/wp-json\/wp\/v2\/users\/1"}],"replies":[{"embeddable":true,"href":"https:\/\/emisoracolon.com.ar\/index.php\/wp-json\/wp\/v2\/comments?post=8131"}],"version-history":[{"count":1,"href":"https:\/\/emisoracolon.com.ar\/index.php\/wp-json\/wp\/v2\/posts\/8131\/revisions"}],"predecessor-version":[{"id":8133,"href":"https:\/\/emisoracolon.com.ar\/index.php\/wp-json\/wp\/v2\/posts\/8131\/revisions\/8133"}],"wp:featuredmedia":[{"embeddable":true,"href":"https:\/\/emisoracolon.com.ar\/index.php\/wp-json\/wp\/v2\/media\/8132"}],"wp:attachment":[{"href":"https:\/\/emisoracolon.com.ar\/index.php\/wp-json\/wp\/v2\/media?parent=8131"}],"wp:term":[{"taxonomy":"category","embeddable":true,"href":"https:\/\/emisoracolon.com.ar\/index.php\/wp-json\/wp\/v2\/categories?post=8131"},{"taxonomy":"post_tag","embeddable":true,"href":"https:\/\/emisoracolon.com.ar\/index.php\/wp-json\/wp\/v2\/tags?post=8131"}],"curies":[{"name":"wp","href":"https:\/\/api.w.org\/{rel}","templated":true}]}}